{"id":33951,"date":"2026-09-02T17:36:39","date_gmt":"2026-09-02T20:36:39","guid":{"rendered":"https:\/\/acontecenafronteira.com.br\/?p=33951"},"modified":"2026-09-02T17:36:39","modified_gmt":"2026-09-02T20:36:39","slug":"fiep-critica-avanco-de-pec-da-jornada-e-fim-da-taxa-das-blusinhas","status":"publish","type":"post","link":"https:\/\/acontecenafronteira.com.br\/index.php\/2026\/09\/02\/fiep-critica-avanco-de-pec-da-jornada-e-fim-da-taxa-das-blusinhas\/","title":{"rendered":"Fiep critica avan\u00e7o de PEC da jornada e fim da taxa das blusinhas"},"content":{"rendered":"<p>A Federa\u00e7\u00e3o das Ind\u00fastrias do Paran\u00e1 (Fiep) manifestou forte oposi\u00e7\u00e3o nesta quarta-feira (2) ao avan\u00e7o de duas importantes propostas no Congresso Nacional, apontando potenciais preju\u00edzos \u00e0 competitividade e \u00e0 economia do pa\u00eds.<\/p>\n<h2>Preocupa\u00e7\u00f5es com a jornada de trabalho<\/h2>\n<p>Entre as medidas criticadas est\u00e1 a Proposta de Emenda \u00e0 Constitui\u00e7\u00e3o (PEC) que debate a <strong>redu\u00e7\u00e3o da jornada de trabalho<\/strong>, um tema que tem mobilizado parlamentares e setores produtivos em Bras\u00edlia.<\/p>\n<p>Para a lideran\u00e7a industrial paranaense, alterar o regime de trabalho atual sem um debate aprofundado com o setor produtivo pode gerar um impacto negativo na capacidade de produ\u00e7\u00e3o e elevar os custos operacionais das empresas brasileiras.<\/p>\n<h2>Impactos no com\u00e9rcio e na ind\u00fastria nacional<\/h2>\n<p>Outro ponto que gerou alerta na entidade foi a discuss\u00e3o em torno do fim da chamada <strong>taxa das blusinhas<\/strong>, medida que estabelece tributa\u00e7\u00e3o sobre compras internacionais de baixo valor.<\/p>\n<p>A institui\u00e7\u00e3o avalia que a derrubada dessa taxa\u00e7\u00e3o desfavorece a <strong>ind\u00fastria nacional<\/strong> frente aos concorrentes estrangeiros, enfraquecendo o mercado interno e amea\u00e7ando postos de trabalho em diversos setores produtivos.<\/p>\n<p>O debate sobre essas pautas segue movimentando o cen\u00e1rio pol\u00edtico nacional, enquanto entidades de classe buscam sensibilizar os legisladores sobre a necessidade de salvaguardar o ambiente de neg\u00f3cios.<\/p>\n<p>Por Reda\u00e7\u00e3o Acontece<\/p>\n<p>Cr\u00e9ditos da imagem: Divulga\u00e7\u00e3o \/ Pixabay<\/p>\n","protected":false},"excerpt":{"rendered":"<p>A Federa\u00e7\u00e3o das Ind\u00fastrias do Paran\u00e1 (Fiep) manifestou forte oposi\u00e7\u00e3o nesta quarta-feira (2) ao avan\u00e7o de duas importantes propostas no Congresso Nacional, apontando potenciais preju\u00edzos \u00e0 competitividade e \u00e0 economia do pa\u00eds. Preocupa\u00e7\u00f5es com a jornada de trabalho Entre as medidas criticadas est\u00e1 a Proposta de Emenda \u00e0 Constitui\u00e7\u00e3o (PEC) que debate a redu\u00e7\u00e3o da [&hellip;]<\/p>\n","protected":false},"author":0,"featured_media":33957,"comment_status":"open","ping_status":"open","sticky":false,"template":"","format":"standard","meta":{"footnotes":""},"categories":[18],"tags":[],"class_list":["post-33951","post","type-post","status-publish","format-standard","has-post-thumbnail","hentry","category-parana"],"_links":{"self":[{"href":"https:\/\/acontecenafronteira.com.br\/index.php\/wp-json\/wp\/v2\/posts\/33951","targetHints":{"allow":["GET"]}}],"collection":[{"href":"https:\/\/acontecenafronteira.com.br\/index.php\/wp-json\/wp\/v2\/posts"}],"about":[{"href":"https:\/\/acontecenafronteira.com.br\/index.php\/wp-json\/wp\/v2\/types\/post"}],"replies":[{"embeddable":true,"href":"https:\/\/acontecenafronteira.com.br\/index.php\/wp-json\/wp\/v2\/comments?post=33951"}],"version-history":[{"count":1,"href":"https:\/\/acontecenafronteira.com.br\/index.php\/wp-json\/wp\/v2\/posts\/33951\/revisions"}],"predecessor-version":[{"id":33956,"href":"https:\/\/acontecenafronteira.com.br\/index.php\/wp-json\/wp\/v2\/posts\/33951\/revisions\/33956"}],"wp:featuredmedia":[{"embeddable":true,"href":"https:\/\/acontecenafronteira.com.br\/index.php\/wp-json\/wp\/v2\/media\/33957"}],"wp:attachment":[{"href":"https:\/\/acontecenafronteira.com.br\/index.php\/wp-json\/wp\/v2\/media?parent=33951"}],"wp:term":[{"taxonomy":"category","embeddable":true,"href":"https:\/\/acontecenafronteira.com.br\/index.php\/wp-json\/wp\/v2\/categories?post=33951"},{"taxonomy":"post_tag","embeddable":true,"href":"https:\/\/acontecenafronteira.com.br\/index.php\/wp-json\/wp\/v2\/tags?post=33951"}],"curies":[{"name":"wp","href":"https:\/\/api.w.org\/{rel}","templated":true}]}}