{"id":33950,"date":"2026-09-02T17:36:31","date_gmt":"2026-09-02T20:36:31","guid":{"rendered":"https:\/\/acontecenafronteira.com.br\/?p=33950"},"modified":"2026-09-02T17:36:31","modified_gmt":"2026-09-02T20:36:31","slug":"mppr-investiga-contratacoes-da-prefeitura-de-iguatu","status":"publish","type":"post","link":"https:\/\/acontecenafronteira.com.br\/index.php\/2026\/09\/02\/mppr-investiga-contratacoes-da-prefeitura-de-iguatu\/","title":{"rendered":"MPPR investiga contrata\u00e7\u00f5es da Prefeitura de Iguatu"},"content":{"rendered":"<p>O Minist\u00e9rio P\u00fablico do Paran\u00e1 (MP-PR), por intermeteio da Promotoria de Justi\u00e7a da Comarca de Corb\u00e9lia, deu in\u00edcio a um inqu\u00e9rito civil com o objetivo de investigar a legalidade de contrata\u00e7\u00f5es diretas realizadas pela Prefeitura de Iguatu.<\/p>\n<h2>Motiva\u00e7\u00e3o da investiga\u00e7\u00e3o<\/h2>\n<p>O procedimento investigativo foi aberto ap\u00f3s o \u00f3rg\u00e3o ministerial identificar ind\u00edcios de irregularidades em processos de dispensa e inexigibilidade de licita\u00e7\u00e3o conduzidos pela administra\u00e7\u00e3o municipal. A apura\u00e7\u00e3o busca esclarecer se os acordos seguiram os princ\u00edpios da legalidade e da transpar\u00eancia exigidos pelo setor p\u00fablico.<\/p>\n<h2>Pr\u00f3ximos passos do inqu\u00e9rito<\/h2>\n<p>Como parte das dilig\u00eancias, a promotoria solicitou documentos detalhados sobre os contratos firmados, al\u00e9m de justificativas formais por parte dos gestores municipais envolvidos nas transa\u00e7\u00f5es financeiras.<\/p>\n<p>Os fiscais da lei v\u00e3o analisar a economicidade e a real necessidade dos servi\u00e7os contratados sem licita\u00e7\u00e3o pr\u00e9via, verificando se houve preju\u00edzo ao er\u00e1rio municipal.<\/p>\n<p>A administra\u00e7\u00e3o de Iguatu tem prazo determinado para apresentar sua defesa e entregar toda a documenta\u00e7\u00e3o requisitada pelo Minist\u00e9rio P\u00fablico.<\/p>\n<p>Caso sejam comprovadas irregularidades, o MP-PR poder\u00e1 adotar medidas judiciais, que incluem a\u00e7\u00f5es civis p\u00fablicas por improbidade administrativa e pedidos de ressarcimento aos cofres p\u00fablicos.<\/p>\n<p>Por Reda\u00e7\u00e3o Acontece<\/p>\n<p>Cr\u00e9ditos da imagem: Divulga\u00e7\u00e3o\/MPPR<\/p>\n","protected":false},"excerpt":{"rendered":"<p>O Minist\u00e9rio P\u00fablico do Paran\u00e1 (MP-PR), por intermeteio da Promotoria de Justi\u00e7a da Comarca de Corb\u00e9lia, deu in\u00edcio a um inqu\u00e9rito civil com o objetivo de investigar a legalidade de contrata\u00e7\u00f5es diretas realizadas pela Prefeitura de Iguatu. Motiva\u00e7\u00e3o da investiga\u00e7\u00e3o O procedimento investigativo foi aberto ap\u00f3s o \u00f3rg\u00e3o ministerial identificar ind\u00edcios de irregularidades em processos [&hellip;]<\/p>\n","protected":false},"author":0,"featured_media":33955,"comment_status":"open","ping_status":"open","sticky":false,"template":"","format":"standard","meta":{"footnotes":""},"categories":[18],"tags":[],"class_list":["post-33950","post","type-post","status-publish","format-standard","has-post-thumbnail","hentry","category-parana"],"_links":{"self":[{"href":"https:\/\/acontecenafronteira.com.br\/index.php\/wp-json\/wp\/v2\/posts\/33950","targetHints":{"allow":["GET"]}}],"collection":[{"href":"https:\/\/acontecenafronteira.com.br\/index.php\/wp-json\/wp\/v2\/posts"}],"about":[{"href":"https:\/\/acontecenafronteira.com.br\/index.php\/wp-json\/wp\/v2\/types\/post"}],"replies":[{"embeddable":true,"href":"https:\/\/acontecenafronteira.com.br\/index.php\/wp-json\/wp\/v2\/comments?post=33950"}],"version-history":[{"count":1,"href":"https:\/\/acontecenafronteira.com.br\/index.php\/wp-json\/wp\/v2\/posts\/33950\/revisions"}],"predecessor-version":[{"id":33954,"href":"https:\/\/acontecenafronteira.com.br\/index.php\/wp-json\/wp\/v2\/posts\/33950\/revisions\/33954"}],"wp:featuredmedia":[{"embeddable":true,"href":"https:\/\/acontecenafronteira.com.br\/index.php\/wp-json\/wp\/v2\/media\/33955"}],"wp:attachment":[{"href":"https:\/\/acontecenafronteira.com.br\/index.php\/wp-json\/wp\/v2\/media?parent=33950"}],"wp:term":[{"taxonomy":"category","embeddable":true,"href":"https:\/\/acontecenafronteira.com.br\/index.php\/wp-json\/wp\/v2\/categories?post=33950"},{"taxonomy":"post_tag","embeddable":true,"href":"https:\/\/acontecenafronteira.com.br\/index.php\/wp-json\/wp\/v2\/tags?post=33950"}],"curies":[{"name":"wp","href":"https:\/\/api.w.org\/{rel}","templated":true}]}}