{"id":33927,"date":"2026-09-02T16:37:32","date_gmt":"2026-09-02T19:37:32","guid":{"rendered":"https:\/\/acontecenafronteira.com.br\/?p=33927"},"modified":"2026-09-02T16:37:32","modified_gmt":"2026-09-02T19:37:32","slug":"setembro-verde-em-maringa-saiba-onde-sera-a-campanha","status":"publish","type":"post","link":"https:\/\/acontecenafronteira.com.br\/index.php\/2026\/09\/02\/setembro-verde-em-maringa-saiba-onde-sera-a-campanha\/","title":{"rendered":"Setembro Verde em Maring\u00e1: saiba onde ser\u00e1 a campanha"},"content":{"rendered":"<p>No dia 10 de setembro, a cidade de Maring\u00e1 se mobilizar\u00e1 para mais uma edi\u00e7\u00e3o da campanha Setembro Verde, iniciativa fundamental dedicada a conscientizar a popula\u00e7\u00e3o sobre a import\u00e2ncia da doa\u00e7\u00e3o de \u00f3rg\u00e3os e tecidos.<\/p>\n<h2>Programa\u00e7\u00e3o e locais de destaque<\/h2>\n<p>As atividades principais da mobiliza\u00e7\u00e3o ocorrer\u00e3o em pontos estrat\u00e9gicos do munic\u00edpio, reunindo equipes de sa\u00fade e volunt\u00e1rios para orientar os cidad\u00e3os sobre como manifestar o desejo de ser um doador e salvar vidas.<\/p>\n<h2>A import\u00e2ncia da conscientiza\u00e7\u00e3o<\/h2>\n<p>Especialistas refor\u00e7am que o di\u00e1logo aberto dentro das fam\u00edlias \u00e9 o principal passo para o sucesso da capta\u00e7\u00e3o de \u00f3rg\u00e3os, visto que a autoriza\u00e7\u00e3o familiar \u00e9 obrigat\u00f3ria no Brasil.<\/p>\n<p>A iniciativa busca desmistificar o processo e esclarecer d\u00favidas frequentes que ainda geram receio na sociedade, mostrando que um \u00fanico doador pode transformar m\u00faltiplos destinos na fila de espera por um transplante.<\/p>\n<p>A expectativa dos organizadores \u00e9 alcan\u00e7ar o maior n\u00famero poss\u00edvel de pessoas durante o dia de mobiliza\u00e7\u00e3o, ampliando o alcance da mensagem de esperan\u00e7a e solidariedade que marca o m\u00eas de setembro.<\/p>\n<p>Por Reda\u00e7\u00e3o Acontece<\/p>\n<p>Cr\u00e9ditos da imagem: Divulga\u00e7\u00e3o \/ Prefeitura de Maring\u00e1<\/p>\n","protected":false},"excerpt":{"rendered":"<p>No dia 10 de setembro, a cidade de Maring\u00e1 se mobilizar\u00e1 para mais uma edi\u00e7\u00e3o da campanha Setembro Verde, iniciativa fundamental dedicada a conscientizar a popula\u00e7\u00e3o sobre a import\u00e2ncia da doa\u00e7\u00e3o de \u00f3rg\u00e3os e tecidos. Programa\u00e7\u00e3o e locais de destaque As atividades principais da mobiliza\u00e7\u00e3o ocorrer\u00e3o em pontos estrat\u00e9gicos do munic\u00edpio, reunindo equipes de sa\u00fade [&hellip;]<\/p>\n","protected":false},"author":0,"featured_media":33935,"comment_status":"open","ping_status":"open","sticky":false,"template":"","format":"standard","meta":{"footnotes":""},"categories":[18],"tags":[],"class_list":["post-33927","post","type-post","status-publish","format-standard","has-post-thumbnail","hentry","category-parana"],"_links":{"self":[{"href":"https:\/\/acontecenafronteira.com.br\/index.php\/wp-json\/wp\/v2\/posts\/33927","targetHints":{"allow":["GET"]}}],"collection":[{"href":"https:\/\/acontecenafronteira.com.br\/index.php\/wp-json\/wp\/v2\/posts"}],"about":[{"href":"https:\/\/acontecenafronteira.com.br\/index.php\/wp-json\/wp\/v2\/types\/post"}],"replies":[{"embeddable":true,"href":"https:\/\/acontecenafronteira.com.br\/index.php\/wp-json\/wp\/v2\/comments?post=33927"}],"version-history":[{"count":1,"href":"https:\/\/acontecenafronteira.com.br\/index.php\/wp-json\/wp\/v2\/posts\/33927\/revisions"}],"predecessor-version":[{"id":33934,"href":"https:\/\/acontecenafronteira.com.br\/index.php\/wp-json\/wp\/v2\/posts\/33927\/revisions\/33934"}],"wp:featuredmedia":[{"embeddable":true,"href":"https:\/\/acontecenafronteira.com.br\/index.php\/wp-json\/wp\/v2\/media\/33935"}],"wp:attachment":[{"href":"https:\/\/acontecenafronteira.com.br\/index.php\/wp-json\/wp\/v2\/media?parent=33927"}],"wp:term":[{"taxonomy":"category","embeddable":true,"href":"https:\/\/acontecenafronteira.com.br\/index.php\/wp-json\/wp\/v2\/categories?post=33927"},{"taxonomy":"post_tag","embeddable":true,"href":"https:\/\/acontecenafronteira.com.br\/index.php\/wp-json\/wp\/v2\/tags?post=33927"}],"curies":[{"name":"wp","href":"https:\/\/api.w.org\/{rel}","templated":true}]}}