{"id":33926,"date":"2026-09-02T16:37:29","date_gmt":"2026-09-02T19:37:29","guid":{"rendered":"https:\/\/acontecenafronteira.com.br\/?p=33926"},"modified":"2026-09-02T16:37:29","modified_gmt":"2026-09-02T19:37:29","slug":"anvisa-aprova-teste-clinico-de-vacina-mrna-da-fiocruz","status":"publish","type":"post","link":"https:\/\/acontecenafronteira.com.br\/index.php\/2026\/09\/02\/anvisa-aprova-teste-clinico-de-vacina-mrna-da-fiocruz\/","title":{"rendered":"Anvisa aprova teste cl\u00ednico de vacina mRNA da Fiocruz"},"content":{"rendered":"<p>A Ag\u00eancia Nacional de Vigil\u00e2ncia Sanit\u00e1ria deu luz verde para a realiza\u00e7\u00e3o de um estudo cl\u00ednico conduzido pela Funda\u00e7\u00e3o Oswaldo Cruz voltado para avaliar uma nova <strong>vacina de mRNA<\/strong> contra a Covid-19, marcando um avan\u00e7o importante para a ci\u00eancia nacional.<\/p>\n<h2>Avan\u00e7o na imuniza\u00e7\u00e3o nacional<\/h2>\n<p>O aval regulat\u00f3rio foi concedido oficialmente no dia 20 de agosto, permitindo que os pesquisadores avancem com as etapas de testagem em humanos para comprovar a seguran\u00e7a e a efic\u00e1cia do imunizante desenvolvido inteiramente no Brasil.<\/p>\n<h2>Como funciona a tecnologia de mRNA<\/h2>\n<p>A tecnologia baseada em <strong>RNA mensageiro<\/strong> \u00e9 a mesma utilizada em imunizantes amplamente distribu\u00eddos globalmente, atuando ao enviar instru\u00e7\u00f5es gen\u00e9ticas para que as c\u00e9lulas do pr\u00f3prio corpo produzam uma prote\u00edna inofensiva do v\u00edrus, estimulando assim a resposta do <strong>sistema imunol\u00f3gico<\/strong>.<\/p>\n<p>Com essa autoriza\u00e7\u00e3o, o pa\u00eds d\u00e1 um passo estrat\u00e9gico rumo \u00e0 soberania tecnol\u00f3gica na produ\u00e7\u00e3o de vacinas de alta complexidade, reduzindo a depend\u00eancia de insumos e produtos importados em futuras emerg\u00eancias sanit\u00e1rias.<\/p>\n<p>Os pr\u00f3ximos passos envolvem o recrutamento de volunt\u00e1rios e o monitoramento rigoroso por parte dos \u00f3rg\u00e3os reguladores para garantir que todas as normas cient\u00edficas e \u00e9ticas sejam cumpridas durante a fase de testes.<\/p>\n<p>O projeto refor\u00e7a o papel de destaque da institui\u00e7\u00e3o no cen\u00e1rio cient\u00edfico mundial e abre caminho para o desenvolvimento de novas solu\u00e7\u00f5es voltadas \u00e0 sa\u00fade p\u00fablica brasileira.<\/p>\n<p>Por Reda\u00e7\u00e3o Acontece<\/p>\n<p>Cr\u00e9ditos da imagem: Divulga\u00e7\u00e3o\/Fiocruz<\/p>\n","protected":false},"excerpt":{"rendered":"<p>A Ag\u00eancia Nacional de Vigil\u00e2ncia Sanit\u00e1ria deu luz verde para a realiza\u00e7\u00e3o de um estudo cl\u00ednico conduzido pela Funda\u00e7\u00e3o Oswaldo Cruz voltado para avaliar uma nova vacina de mRNA contra a Covid-19, marcando um avan\u00e7o importante para a ci\u00eancia nacional. Avan\u00e7o na imuniza\u00e7\u00e3o nacional O aval regulat\u00f3rio foi concedido oficialmente no dia 20 de agosto, [&hellip;]<\/p>\n","protected":false},"author":0,"featured_media":33933,"comment_status":"open","ping_status":"open","sticky":false,"template":"","format":"standard","meta":{"footnotes":""},"categories":[18],"tags":[],"class_list":["post-33926","post","type-post","status-publish","format-standard","has-post-thumbnail","hentry","category-parana"],"_links":{"self":[{"href":"https:\/\/acontecenafronteira.com.br\/index.php\/wp-json\/wp\/v2\/posts\/33926","targetHints":{"allow":["GET"]}}],"collection":[{"href":"https:\/\/acontecenafronteira.com.br\/index.php\/wp-json\/wp\/v2\/posts"}],"about":[{"href":"https:\/\/acontecenafronteira.com.br\/index.php\/wp-json\/wp\/v2\/types\/post"}],"replies":[{"embeddable":true,"href":"https:\/\/acontecenafronteira.com.br\/index.php\/wp-json\/wp\/v2\/comments?post=33926"}],"version-history":[{"count":1,"href":"https:\/\/acontecenafronteira.com.br\/index.php\/wp-json\/wp\/v2\/posts\/33926\/revisions"}],"predecessor-version":[{"id":33932,"href":"https:\/\/acontecenafronteira.com.br\/index.php\/wp-json\/wp\/v2\/posts\/33926\/revisions\/33932"}],"wp:featuredmedia":[{"embeddable":true,"href":"https:\/\/acontecenafronteira.com.br\/index.php\/wp-json\/wp\/v2\/media\/33933"}],"wp:attachment":[{"href":"https:\/\/acontecenafronteira.com.br\/index.php\/wp-json\/wp\/v2\/media?parent=33926"}],"wp:term":[{"taxonomy":"category","embeddable":true,"href":"https:\/\/acontecenafronteira.com.br\/index.php\/wp-json\/wp\/v2\/categories?post=33926"},{"taxonomy":"post_tag","embeddable":true,"href":"https:\/\/acontecenafronteira.com.br\/index.php\/wp-json\/wp\/v2\/tags?post=33926"}],"curies":[{"name":"wp","href":"https:\/\/api.w.org\/{rel}","templated":true}]}}