{"id":33925,"date":"2026-09-02T16:37:26","date_gmt":"2026-09-02T19:37:26","guid":{"rendered":"https:\/\/acontecenafronteira.com.br\/?p=33925"},"modified":"2026-09-02T16:37:26","modified_gmt":"2026-09-02T19:37:26","slug":"ministerio-da-saude-cobra-planos-estaduais-contra-el-nino","status":"publish","type":"post","link":"https:\/\/acontecenafronteira.com.br\/index.php\/2026\/09\/02\/ministerio-da-saude-cobra-planos-estaduais-contra-el-nino\/","title":{"rendered":"Minist\u00e9rio da Sa\u00fade cobra planos estaduais contra El Ni\u00f1o"},"content":{"rendered":"<p>O Minist\u00e9rio da Sa\u00fade convocou representantes dos 26 estados e do Distrito Federal nesta ter\u00e7a-feira (1\u00ba) para acelerar a elabora\u00e7\u00e3o de estrat\u00e9gias de combate aos impactos do fen\u00f4meno clim\u00e1tico El Ni\u00f1o.<\/p>\n<h2>A\u00e7\u00f5es preventivas na sa\u00fade p\u00fablica<\/h2>\n<p>A mobiliza\u00e7\u00e3o busca garantir que a rede p\u00fablica esteja preparada para atender eventuais emerg\u00eancias sanit\u00e1rias provocadas pelas mudan\u00e7as clim\u00e1ticas severas previstas para o per\u00edodo.<\/p>\n<h2>Desafios das mudan\u00e7as clim\u00e1ticas<\/h2>\n<p>Durante o encontro, gestores discutiram medidas integradas para monitorar regi\u00f5es vulner\u00e1veis, focando na preven\u00e7\u00e3o de doen\u00e7as associadas ao aumento de temperaturas e chuvas intensas.<\/p>\n<p>O fortalecimento da aten\u00e7\u00e3o b\u00e1sica e a garantia de insumos m\u00e9dicos nos munic\u00edpios em situa\u00e7\u00e3o de risco foram pontos centrais debatidos pelas autoridades de sa\u00fade.<\/p>\n<p>Especialistas alertam que o fen\u00f4meno pode intensificar a circula\u00e7\u00e3o de vetores de enfermidades tropicais, exigindo resposta r\u00e1pida das vigil\u00e2ncias epidemiol\u00f3gicas estaduais.<\/p>\n<p>A pasta federal refor\u00e7ou a necessidade de coopera\u00e7\u00e3o cont\u00ednua entre Uni\u00e3o e governos locais para mitigar os danos \u00e0 popula\u00e7\u00e3o mais afetada.<\/p>\n<p>Por Reda\u00e7\u00e3o Acontece<\/p>\n<p>Cr\u00e9ditos da imagem: Divulga\u00e7\u00e3o\/Minist\u00e9rio da Sa\u00fade<\/p>\n","protected":false},"excerpt":{"rendered":"<p>O Minist\u00e9rio da Sa\u00fade convocou representantes dos 26 estados e do Distrito Federal nesta ter\u00e7a-feira (1\u00ba) para acelerar a elabora\u00e7\u00e3o de estrat\u00e9gias de combate aos impactos do fen\u00f4meno clim\u00e1tico El Ni\u00f1o. A\u00e7\u00f5es preventivas na sa\u00fade p\u00fablica A mobiliza\u00e7\u00e3o busca garantir que a rede p\u00fablica esteja preparada para atender eventuais emerg\u00eancias sanit\u00e1rias provocadas pelas mudan\u00e7as clim\u00e1ticas [&hellip;]<\/p>\n","protected":false},"author":0,"featured_media":33931,"comment_status":"open","ping_status":"open","sticky":false,"template":"","format":"standard","meta":{"footnotes":""},"categories":[18],"tags":[],"class_list":["post-33925","post","type-post","status-publish","format-standard","has-post-thumbnail","hentry","category-parana"],"_links":{"self":[{"href":"https:\/\/acontecenafronteira.com.br\/index.php\/wp-json\/wp\/v2\/posts\/33925","targetHints":{"allow":["GET"]}}],"collection":[{"href":"https:\/\/acontecenafronteira.com.br\/index.php\/wp-json\/wp\/v2\/posts"}],"about":[{"href":"https:\/\/acontecenafronteira.com.br\/index.php\/wp-json\/wp\/v2\/types\/post"}],"replies":[{"embeddable":true,"href":"https:\/\/acontecenafronteira.com.br\/index.php\/wp-json\/wp\/v2\/comments?post=33925"}],"version-history":[{"count":1,"href":"https:\/\/acontecenafronteira.com.br\/index.php\/wp-json\/wp\/v2\/posts\/33925\/revisions"}],"predecessor-version":[{"id":33930,"href":"https:\/\/acontecenafronteira.com.br\/index.php\/wp-json\/wp\/v2\/posts\/33925\/revisions\/33930"}],"wp:featuredmedia":[{"embeddable":true,"href":"https:\/\/acontecenafronteira.com.br\/index.php\/wp-json\/wp\/v2\/media\/33931"}],"wp:attachment":[{"href":"https:\/\/acontecenafronteira.com.br\/index.php\/wp-json\/wp\/v2\/media?parent=33925"}],"wp:term":[{"taxonomy":"category","embeddable":true,"href":"https:\/\/acontecenafronteira.com.br\/index.php\/wp-json\/wp\/v2\/categories?post=33925"},{"taxonomy":"post_tag","embeddable":true,"href":"https:\/\/acontecenafronteira.com.br\/index.php\/wp-json\/wp\/v2\/tags?post=33925"}],"curies":[{"name":"wp","href":"https:\/\/api.w.org\/{rel}","templated":true}]}}