{"id":33924,"date":"2026-09-02T16:37:15","date_gmt":"2026-09-02T19:37:15","guid":{"rendered":"https:\/\/acontecenafronteira.com.br\/?p=33924"},"modified":"2026-09-02T16:37:15","modified_gmt":"2026-09-02T19:37:15","slug":"senado-aprova-pec-que-acaba-com-a-escala-de-trabalho-6x1","status":"publish","type":"post","link":"https:\/\/acontecenafronteira.com.br\/index.php\/2026\/09\/02\/senado-aprova-pec-que-acaba-com-a-escala-de-trabalho-6x1\/","title":{"rendered":"Senado aprova PEC que acaba com a escala de trabalho 6&#215;1"},"content":{"rendered":"<p>A Proposta de Emenda \u00e0 Constitui\u00e7\u00e3o que visa extinguir a famosa <strong>escala 6&#215;1<\/strong> deu um passo decisivo nesta quarta-feira (2) ao ser aprovada pela Comiss\u00e3o de Constitui\u00e7\u00e3o, Justi\u00e7a e Cidadania do Senado Federal.<\/p>\n<p>H2 O avan\u00e7o da pauta trabalhista no parlamento<\/p>\n<p>H3 Detalhes da vota\u00e7\u00e3o e tr\u00e2mite<\/p>\n<p>O texto recebeu o aval dos parlamentares ap\u00f3s intensas discuss\u00f5es sobre os impactos na economia e na rotina dos trabalhadores brasileiros, que h\u00e1 tempos reivindicam uma jornada mais equilibrada.<\/p>\n<p>H2 Pr\u00f3ximas etapas para a nova legisla\u00e7\u00e3o<\/p>\n<p>Com a aprova\u00e7\u00e3o na comiss\u00e3o mais importante da Casa, a mat\u00e9ria segue agora para os debates e vota\u00e7\u00f5es nas pr\u00f3ximas inst\u00e2ncias legislativas, onde precisar\u00e1 do apoio da maioria para virar realidade.<\/p>\n<p>A discuss\u00e3o sobre o fim do regime em que o empregado trabalha seis dias e descansa apenas um mobilizou diversos setores da sociedade, dividindo opini\u00f5es entre empres\u00e1rios e centrais sindicais.<\/p>\n<p>Especialistas em direito do trabalho acompanham de perto os desdobramentos, avaliando como a poss\u00edvel mudan\u00e7a na carga hor\u00e1ria semanal poder\u00e1 transformar o mercado corporativo nacional nos pr\u00f3ximos anos.<\/p>\n<p>Por Reda\u00e7\u00e3o Acontece<\/p>\n<p>Cr\u00e9ditos da imagem: Divulga\u00e7\u00e3o \/ Ag\u00eancia Senado<\/p>\n","protected":false},"excerpt":{"rendered":"<p>A Proposta de Emenda \u00e0 Constitui\u00e7\u00e3o que visa extinguir a famosa escala 6&#215;1 deu um passo decisivo nesta quarta-feira (2) ao ser aprovada pela Comiss\u00e3o de Constitui\u00e7\u00e3o, Justi\u00e7a e Cidadania do Senado Federal. H2 O avan\u00e7o da pauta trabalhista no parlamento H3 Detalhes da vota\u00e7\u00e3o e tr\u00e2mite O texto recebeu o aval dos parlamentares ap\u00f3s [&hellip;]<\/p>\n","protected":false},"author":0,"featured_media":33929,"comment_status":"open","ping_status":"open","sticky":false,"template":"","format":"standard","meta":{"footnotes":""},"categories":[18],"tags":[],"class_list":["post-33924","post","type-post","status-publish","format-standard","has-post-thumbnail","hentry","category-parana"],"_links":{"self":[{"href":"https:\/\/acontecenafronteira.com.br\/index.php\/wp-json\/wp\/v2\/posts\/33924","targetHints":{"allow":["GET"]}}],"collection":[{"href":"https:\/\/acontecenafronteira.com.br\/index.php\/wp-json\/wp\/v2\/posts"}],"about":[{"href":"https:\/\/acontecenafronteira.com.br\/index.php\/wp-json\/wp\/v2\/types\/post"}],"replies":[{"embeddable":true,"href":"https:\/\/acontecenafronteira.com.br\/index.php\/wp-json\/wp\/v2\/comments?post=33924"}],"version-history":[{"count":1,"href":"https:\/\/acontecenafronteira.com.br\/index.php\/wp-json\/wp\/v2\/posts\/33924\/revisions"}],"predecessor-version":[{"id":33928,"href":"https:\/\/acontecenafronteira.com.br\/index.php\/wp-json\/wp\/v2\/posts\/33924\/revisions\/33928"}],"wp:featuredmedia":[{"embeddable":true,"href":"https:\/\/acontecenafronteira.com.br\/index.php\/wp-json\/wp\/v2\/media\/33929"}],"wp:attachment":[{"href":"https:\/\/acontecenafronteira.com.br\/index.php\/wp-json\/wp\/v2\/media?parent=33924"}],"wp:term":[{"taxonomy":"category","embeddable":true,"href":"https:\/\/acontecenafronteira.com.br\/index.php\/wp-json\/wp\/v2\/categories?post=33924"},{"taxonomy":"post_tag","embeddable":true,"href":"https:\/\/acontecenafronteira.com.br\/index.php\/wp-json\/wp\/v2\/tags?post=33924"}],"curies":[{"name":"wp","href":"https:\/\/api.w.org\/{rel}","templated":true}]}}