{"id":33906,"date":"2026-09-02T16:36:21","date_gmt":"2026-09-02T19:36:21","guid":{"rendered":"https:\/\/acontecenafronteira.com.br\/?p=33906"},"modified":"2026-09-02T16:36:21","modified_gmt":"2026-09-02T19:36:21","slug":"deltan-dallagnol-afirma-estar-elegivel-para-o-senado-pelo-parana","status":"publish","type":"post","link":"https:\/\/acontecenafronteira.com.br\/index.php\/2026\/09\/02\/deltan-dallagnol-afirma-estar-elegivel-para-o-senado-pelo-parana\/","title":{"rendered":"Deltan Dallagnol afirma estar eleg\u00edvel para o Senado pelo Paran\u00e1"},"content":{"rendered":"<p>Deltan Dallagnol afirma estar eleg\u00edvel para o Senado pelo Paran\u00e1 Em entrevista, Deltan Dallagnol garante que est\u00e1 apto para a disputa ao Senado pelo Paran\u00e1 e comenta sobre fundo eleitoral, STF e alian\u00e7as. O candidato ao Senado pelo Paran\u00e1 <strong>Deltan Dallagnol<\/strong> (Novo) garantiu, durante entrevista nesta quarta-feira (2), que est\u00e1 plenamente eleg\u00edvel para a disputa deste ano. Embora seu registro de candidatura ainda aguarde uma an\u00e1lise definitiva da Justi\u00e7a Eleitoral, o pol\u00edtico argumenta que o motivo que resultou na cassa\u00e7\u00e3o de seu mandato como deputado federal pelo Tribunal Superior Eleitoral (TSE) em 2023 n\u00e3o possui mais validade jur\u00eddica. <\/p>\n<h2>Situa\u00e7\u00e3o jur\u00eddica e campanha eleitoral<\/h2>\n<p> Segundo o candidato, a presen\u00e7a de seu nome nos programas eleitorais, sob a fiscaliza\u00e7\u00e3o do Tribunal Eleitoral paranaense, comprova sua aptid\u00e3o legal para concorrer ao pleito. A declara\u00e7\u00e3o foi concedida durante o telejornal Meio-Dia Paran\u00e1, transmitido por uma afiliada da Rede Globo, que promove uma s\u00e9rie de sabatinas com os principais nomes ao Senado no estado com base na \u00faltima pesquisa Quaest. <\/p>\n<h2>Uso de recursos p\u00fablicos e remunera\u00e7\u00e3o partid\u00e1ria<\/h2>\n<p> Questionado a respeito das cr\u00edticas que fazia no passado ao uso de dinheiro p\u00fablico em campanhas, Dallagnol justificou a utiliza\u00e7\u00e3o de R$ 300 mil do Fundo Eleitoral e R$ 500 mil do Fundo Partid\u00e1rio. O postulante ao cargo legislativo declarou que \u00e9 contra o financiamento p\u00fablico, mas que precisa recorrer aos instrumentos legais vigentes para disputar em igualdade de condi\u00e7\u00f5es, prometendo votar pela redu\u00e7\u00e3o ou extin\u00e7\u00e3o desses fundos caso seja eleito. Al\u00e9m disso, explicou que os R$ 40 mil mensais recebidos do Partido Novo em 2025 correspondem a uma remunera\u00e7\u00e3o contratada por sua atua\u00e7\u00e3o como embaixador da legenda. <\/p>\n<h2>Alian\u00e7as pol\u00edticas e propostas legislativas<\/h2>\n<p> Sobre a composi\u00e7\u00e3o regional com o PL que o coloca no mesmo palanque de Valdemar Costa Neto, o candidato pontuou que o acordo se restringe ao estado do Paran\u00e1 e n\u00e3o reflete uma alian\u00e7a nacional, refor\u00e7ando que cada indiv\u00edduo deve responder por suas pr\u00f3prias condutas. No \u00e2mbito institucional, ele defendeu mudan\u00e7as nas regras para o impeachment de ministros do Supremo Tribunal Federal (STF), propondo prazos para an\u00e1lise e a possibilidade de recurso ao plen\u00e1rio. <\/p>\n<p> A respeito do debate sobre o fim da escala 6&#215;1, o concorrente ao Senado ponderou que aceita discutir a pauta desde que haja estudos aprofundados para garantir a preserva\u00e7\u00e3o dos postos de trabalho e da renda. Outros temas abordados na conversa inclu\u00edram a validade de provas il\u00edcitas produzidas de boa-f\u00e9, a compet\u00eancia para julgar crimes de corrup\u00e7\u00e3o \u2014 defendendo o retorno para a Justi\u00e7a Federal \u2014 e o impacto da corrup\u00e7\u00e3o na seguran\u00e7a e na mortalidade nas rodovias federais paranaenses. <\/p>\n<p> Por Reda\u00e7\u00e3o Acontece Vit\u00f3ria Smarci\/RPC<\/p>\n","protected":false},"excerpt":{"rendered":"<p>Deltan Dallagnol afirma estar eleg\u00edvel para o Senado pelo Paran\u00e1 Em entrevista, Deltan Dallagnol garante que est\u00e1 apto para a disputa ao Senado pelo Paran\u00e1 e comenta sobre fundo eleitoral, STF e alian\u00e7as. O candidato ao Senado pelo Paran\u00e1 Deltan Dallagnol (Novo) garantiu, durante entrevista nesta quarta-feira (2), que est\u00e1 plenamente eleg\u00edvel para a disputa [&hellip;]<\/p>\n","protected":false},"author":0,"featured_media":33913,"comment_status":"open","ping_status":"open","sticky":false,"template":"","format":"standard","meta":{"footnotes":""},"categories":[18],"tags":[],"class_list":["post-33906","post","type-post","status-publish","format-standard","has-post-thumbnail","hentry","category-parana"],"_links":{"self":[{"href":"https:\/\/acontecenafronteira.com.br\/index.php\/wp-json\/wp\/v2\/posts\/33906","targetHints":{"allow":["GET"]}}],"collection":[{"href":"https:\/\/acontecenafronteira.com.br\/index.php\/wp-json\/wp\/v2\/posts"}],"about":[{"href":"https:\/\/acontecenafronteira.com.br\/index.php\/wp-json\/wp\/v2\/types\/post"}],"replies":[{"embeddable":true,"href":"https:\/\/acontecenafronteira.com.br\/index.php\/wp-json\/wp\/v2\/comments?post=33906"}],"version-history":[{"count":1,"href":"https:\/\/acontecenafronteira.com.br\/index.php\/wp-json\/wp\/v2\/posts\/33906\/revisions"}],"predecessor-version":[{"id":33912,"href":"https:\/\/acontecenafronteira.com.br\/index.php\/wp-json\/wp\/v2\/posts\/33906\/revisions\/33912"}],"wp:featuredmedia":[{"embeddable":true,"href":"https:\/\/acontecenafronteira.com.br\/index.php\/wp-json\/wp\/v2\/media\/33913"}],"wp:attachment":[{"href":"https:\/\/acontecenafronteira.com.br\/index.php\/wp-json\/wp\/v2\/media?parent=33906"}],"wp:term":[{"taxonomy":"category","embeddable":true,"href":"https:\/\/acontecenafronteira.com.br\/index.php\/wp-json\/wp\/v2\/categories?post=33906"},{"taxonomy":"post_tag","embeddable":true,"href":"https:\/\/acontecenafronteira.com.br\/index.php\/wp-json\/wp\/v2\/tags?post=33906"}],"curies":[{"name":"wp","href":"https:\/\/api.w.org\/{rel}","templated":true}]}}