{"id":33905,"date":"2026-09-02T16:36:15","date_gmt":"2026-09-02T19:36:15","guid":{"rendered":"https:\/\/acontecenafronteira.com.br\/?p=33905"},"modified":"2026-09-02T16:36:15","modified_gmt":"2026-09-02T19:36:15","slug":"cameras-da-guarda-entregues-a-justica-nao-filmaram-morte-no-pr","status":"publish","type":"post","link":"https:\/\/acontecenafronteira.com.br\/index.php\/2026\/09\/02\/cameras-da-guarda-entregues-a-justica-nao-filmaram-morte-no-pr\/","title":{"rendered":"C\u00e2meras da Guarda entregues \u00e0 Justi\u00e7a n\u00e3o filmaram morte no PR"},"content":{"rendered":"<p>As grava\u00e7\u00f5es das <b>c\u00e2meras corporais<\/b> da Guarda Municipal referentes \u00e0 morte de Murilo Dias, de 15 anos, foram entregues \u00e0 Justi\u00e7a nesta ter\u00e7a-feira (1\u00ba). No entanto, o material enviado gerou questionamentos, pois os registros audiovisuais come\u00e7am apenas ap\u00f3s o \u00f3bito do adolescente, ocorrido durante uma abordagem no final de julho em Londrina, na regi\u00e3o norte do estado.<\/p>\n<h2>Controv\u00e9rsia sobre a falta de registros na abordagem<\/h2>\n<p>At\u00e9 o momento, a corpora\u00e7\u00e3o n\u00e3o esclareceu o motivo da aus\u00eancia de imagens do momento central da ocorr\u00eancia. Tamb\u00e9m n\u00e3o foram divulgados os nomes dos agentes envolvidos, e a investiga\u00e7\u00e3o principal corre sob sigilo de Justi\u00e7a.<\/p>\n<p>Os v\u00eddeos disponibilizados mostram apenas a movimenta\u00e7\u00e3o de autoridades e testemunhas ao redor da picape conduzida por Volmir Dias, pai da v\u00edtima, que havia colidido contra um poste ap\u00f3s uma persegui\u00e7\u00e3o. Naquele momento, o motorista j\u00e1 havia sido levado para a delegacia e o jovem estava sem vida.<\/p>\n<h2>Requerimento da defesa e questionamentos legais<\/h2>\n<p>Diante da omiss\u00e3o de registros do momento dos disparos, a defesa de Volmir protocolou um pedido para que o judici\u00e1rio exija os arquivos na \u00edntegra, livres de cortes, al\u00e9m de explica\u00e7\u00f5es t\u00e9cnicas sobre a opera\u00e7\u00e3o dos equipamentos.<\/p>\n<p>Os advogados apontam que a resposta administrativa inicial falhou ao n\u00e3o individualizar os dispositivos, n\u00e3o detalhar os hor\u00e1rios de ativa\u00e7\u00e3o e interrup\u00e7\u00e3o, e n\u00e3o apresentar justificativas t\u00e9cnicas para a aus\u00eancia do trecho principal. A Justi\u00e7a ainda n\u00e3o se manifestou sobre este pedido.<\/p>\n<h2>Din\u00e2mica da ocorr\u00eancia e vers\u00f5es conflitantes<\/h2>\n<p>O epis\u00f3dio teve in\u00edcio em 31 de julho, quando Volmir esteve na pizzaria onde a m\u00e3e de Murilo trabalhava e efetuou um disparo para o alto durante uma discuss\u00e3o. Em seguida, ele fugiu em uma picape levando o filho no banco do carona.<\/p>\n<p>Uma equipe da Guarda Municipal iniciou uma persegui\u00e7\u00e3o ap\u00f3s ser alertada por uma testemunha. O acompanhamento t\u00e1tico terminou pr\u00f3ximo ao Gin\u00e1sio de Esportes Moring\u00e3o, onde o ve\u00edculo bateu ap\u00f3s atropelar um motociclista.<\/p>\n<p>Enquanto o condutor se rendia, os agentes relataram que o adolescente resistiu \u00e0 ordem de sa\u00edda e tentou pegar uma arma, motivando o disparo fatal. O socorro foi acionado, mas a v\u00edtima faleceu no local.<\/p>\n<h2>Vers\u00e3o do pai e desdobramentos judiciais<\/h2>\n<p>Em seu depoimento, Volmir confirmou o tiro dado na pizzaria, mas alegou que o rev\u00f3lver caiu no assoalho do ve\u00edculo e que o filho n\u00e3o tentou peg\u00e1-lo. Segundo o motorista, o jovem sofreu uma crise de epilepsia no momento da abordagem.<\/p>\n<p>Ap\u00f3s passar por audi\u00eancia de cust\u00f3dia, o pai recebeu liberdade provis\u00f3ria com uso de tornozeleira eletr\u00f4nica. Em paralelo, o comando da Guarda Municipal informou que os agentes envolvidos foram afastados e que a Corregedoria-Geral investiga o caso.<\/p>\n<p>Por Reda\u00e7\u00e3o Acontece<\/p>\n<p>Reprodu\u00e7\u00e3o \/ Redes Sociais<\/p>\n","protected":false},"excerpt":{"rendered":"<p>As grava\u00e7\u00f5es das c\u00e2meras corporais da Guarda Municipal referentes \u00e0 morte de Murilo Dias, de 15 anos, foram entregues \u00e0 Justi\u00e7a nesta ter\u00e7a-feira (1\u00ba). No entanto, o material enviado gerou questionamentos, pois os registros audiovisuais come\u00e7am apenas ap\u00f3s o \u00f3bito do adolescente, ocorrido durante uma abordagem no final de julho em Londrina, na regi\u00e3o norte [&hellip;]<\/p>\n","protected":false},"author":0,"featured_media":33911,"comment_status":"open","ping_status":"open","sticky":false,"template":"","format":"standard","meta":{"footnotes":""},"categories":[18],"tags":[],"class_list":["post-33905","post","type-post","status-publish","format-standard","has-post-thumbnail","hentry","category-parana"],"_links":{"self":[{"href":"https:\/\/acontecenafronteira.com.br\/index.php\/wp-json\/wp\/v2\/posts\/33905","targetHints":{"allow":["GET"]}}],"collection":[{"href":"https:\/\/acontecenafronteira.com.br\/index.php\/wp-json\/wp\/v2\/posts"}],"about":[{"href":"https:\/\/acontecenafronteira.com.br\/index.php\/wp-json\/wp\/v2\/types\/post"}],"replies":[{"embeddable":true,"href":"https:\/\/acontecenafronteira.com.br\/index.php\/wp-json\/wp\/v2\/comments?post=33905"}],"version-history":[{"count":1,"href":"https:\/\/acontecenafronteira.com.br\/index.php\/wp-json\/wp\/v2\/posts\/33905\/revisions"}],"predecessor-version":[{"id":33910,"href":"https:\/\/acontecenafronteira.com.br\/index.php\/wp-json\/wp\/v2\/posts\/33905\/revisions\/33910"}],"wp:featuredmedia":[{"embeddable":true,"href":"https:\/\/acontecenafronteira.com.br\/index.php\/wp-json\/wp\/v2\/media\/33911"}],"wp:attachment":[{"href":"https:\/\/acontecenafronteira.com.br\/index.php\/wp-json\/wp\/v2\/media?parent=33905"}],"wp:term":[{"taxonomy":"category","embeddable":true,"href":"https:\/\/acontecenafronteira.com.br\/index.php\/wp-json\/wp\/v2\/categories?post=33905"},{"taxonomy":"post_tag","embeddable":true,"href":"https:\/\/acontecenafronteira.com.br\/index.php\/wp-json\/wp\/v2\/tags?post=33905"}],"curies":[{"name":"wp","href":"https:\/\/api.w.org\/{rel}","templated":true}]}}