{"id":33891,"date":"2026-09-02T15:38:44","date_gmt":"2026-09-02T18:38:44","guid":{"rendered":"https:\/\/acontecenafronteira.com.br\/?p=33891"},"modified":"2026-09-02T15:38:44","modified_gmt":"2026-09-02T18:38:44","slug":"cafe-da-manha-delivery-cresce-em-curitiba-e-revela-habitos","status":"publish","type":"post","link":"https:\/\/acontecenafronteira.com.br\/index.php\/2026\/09\/02\/cafe-da-manha-delivery-cresce-em-curitiba-e-revela-habitos\/","title":{"rendered":"Caf\u00e9 da manh\u00e3 delivery cresce em Curitiba e revela h\u00e1bitos"},"content":{"rendered":"<p>O mercado de caf\u00e9 da manh\u00e3 entregue em domic\u00edlio tem apresentado um crescimento expressivo na capital paranaense, impulsionando novas tend\u00eancias de consumo e revelando os h\u00e1bitos alimentares da popula\u00e7\u00e3o local logo nas primeiras horas do dia.<\/p>\n<h2>O queridinho dos curitibanos<\/h2>\n<p>Informa\u00e7\u00f5es divulgadas pela plataforma de entregas 99Food indicam que o tradicional p\u00e3o franc\u00eas, popularmente chamado de p\u00e3o de sal, lidera com folga a prefer\u00eancia dos moradores de Curitiba durante o per\u00edodo matutino.<\/p>\n<h2>Outros itens populares<\/h2>\n<p>Al\u00e9m do cl\u00e1ssico p\u00e3ozinho, o levantamento aponta que a primeira refei\u00e7\u00e3o do dia na modalidade delivery inclui uma variedade significativa de acompanhamentos e bebidas quentes, refletindo a comodidade buscada pelos clientes que preferem receber tudo pronto em casa.<\/p>\n<h2>Comportamento do consumidor<\/h2>\n<p>A alta demanda por entregas matinais demonstra uma mudan\u00e7a na rotina das fam\u00edlias, que priorizam a praticidade e a economia de tempo, substituindo o tradicional preparo caseiro ou a ida r\u00e1pida \u00e0 padaria pelo conforto do servi\u00e7o por aplicativo.<\/p>\n<p>Esse cen\u00e1rio econ\u00f4mico e log\u00edstico refor\u00e7a a adapta\u00e7\u00e3o dos estabelecimentos comerciais locais, que passam a investir em card\u00e1pios espec\u00edficos e embalagens adequadas para garantir que os alimentos cheguem frescos e na temperatura ideal aos clientes.<\/p>\n<p>O fortalecimento desse setor em Curitiba evidencia que a conveni\u00eancia veio para ficar, transformando o modo como a popula\u00e7\u00e3o inicia o dia e abrindo novas oportunidades para o com\u00e9rcio de alimenta\u00e7\u00e3o na regi\u00e3o metropolitana.<\/p>\n<p>Por Reda\u00e7\u00e3o Acontece<\/p>\n<p>Cr\u00e9ditos da imagem: Divulga\u00e7\u00e3o\/99Food<\/p>\n","protected":false},"excerpt":{"rendered":"<p>O mercado de caf\u00e9 da manh\u00e3 entregue em domic\u00edlio tem apresentado um crescimento expressivo na capital paranaense, impulsionando novas tend\u00eancias de consumo e revelando os h\u00e1bitos alimentares da popula\u00e7\u00e3o local logo nas primeiras horas do dia. O queridinho dos curitibanos Informa\u00e7\u00f5es divulgadas pela plataforma de entregas 99Food indicam que o tradicional p\u00e3o franc\u00eas, popularmente chamado [&hellip;]<\/p>\n","protected":false},"author":0,"featured_media":33898,"comment_status":"open","ping_status":"open","sticky":false,"template":"","format":"standard","meta":{"footnotes":""},"categories":[18],"tags":[],"class_list":["post-33891","post","type-post","status-publish","format-standard","has-post-thumbnail","hentry","category-parana"],"_links":{"self":[{"href":"https:\/\/acontecenafronteira.com.br\/index.php\/wp-json\/wp\/v2\/posts\/33891","targetHints":{"allow":["GET"]}}],"collection":[{"href":"https:\/\/acontecenafronteira.com.br\/index.php\/wp-json\/wp\/v2\/posts"}],"about":[{"href":"https:\/\/acontecenafronteira.com.br\/index.php\/wp-json\/wp\/v2\/types\/post"}],"replies":[{"embeddable":true,"href":"https:\/\/acontecenafronteira.com.br\/index.php\/wp-json\/wp\/v2\/comments?post=33891"}],"version-history":[{"count":1,"href":"https:\/\/acontecenafronteira.com.br\/index.php\/wp-json\/wp\/v2\/posts\/33891\/revisions"}],"predecessor-version":[{"id":33897,"href":"https:\/\/acontecenafronteira.com.br\/index.php\/wp-json\/wp\/v2\/posts\/33891\/revisions\/33897"}],"wp:featuredmedia":[{"embeddable":true,"href":"https:\/\/acontecenafronteira.com.br\/index.php\/wp-json\/wp\/v2\/media\/33898"}],"wp:attachment":[{"href":"https:\/\/acontecenafronteira.com.br\/index.php\/wp-json\/wp\/v2\/media?parent=33891"}],"wp:term":[{"taxonomy":"category","embeddable":true,"href":"https:\/\/acontecenafronteira.com.br\/index.php\/wp-json\/wp\/v2\/categories?post=33891"},{"taxonomy":"post_tag","embeddable":true,"href":"https:\/\/acontecenafronteira.com.br\/index.php\/wp-json\/wp\/v2\/tags?post=33891"}],"curies":[{"name":"wp","href":"https:\/\/api.w.org\/{rel}","templated":true}]}}