{"id":33890,"date":"2026-09-02T15:38:32","date_gmt":"2026-09-02T18:38:32","guid":{"rendered":"https:\/\/acontecenafronteira.com.br\/?p=33890"},"modified":"2026-09-02T15:38:32","modified_gmt":"2026-09-02T18:38:32","slug":"escolas-publicas-reforcam-combate-ao-racismo-no-brasil","status":"publish","type":"post","link":"https:\/\/acontecenafronteira.com.br\/index.php\/2026\/09\/02\/escolas-publicas-reforcam-combate-ao-racismo-no-brasil\/","title":{"rendered":"Escolas p\u00fablicas refor\u00e7am combate ao racismo no Brasil"},"content":{"rendered":"<p>Uma pesquisa recente revelou que a maioria das institui\u00e7\u00f5es de ensino da rede p\u00fablica no Brasil j\u00e1 conta com diretrizes espec\u00edficas para combater a discrimina\u00e7\u00e3o racial, buscando transformar o ambiente escolar em um espa\u00e7o mais seguro e igualit\u00e1rio para todos os alunos.<\/p>\n<h2>O avan\u00e7o dos protocolos antirracismo<\/h2>\n<p>Cerca de 93% das escolas p\u00fablicas estaduais e 53% das municipais adotam protocolos antirracismo, segundo levantamento do Diagn\u00f3stico Equidade 2026, promovido pelo Minist\u00e9rio da Educa\u00e7\u00e3o.<\/p>\n<h2>Desafios na implementa\u00e7\u00e3o municipal<\/h2>\n<p>A diferen\u00e7a expressiva entre as redes estaduais e municipais evidencia os obst\u00e1culos enfrentados pelas administra\u00e7\u00f5es locais na aplica\u00e7\u00e3o dessas medidas de conscientiza\u00e7\u00e3o e combate ao preconceito.<\/p>\n<p>Capacitar docentes e funcion\u00e1rios \u00e9 uma das prioridades apontadas pelos especialistas para garantir que as diretrizes saiam do papel e fa\u00e7am a diferen\u00e7a no cotidiano das salas de aula.<\/p>\n<p>O engajamento da comunidade escolar e o fortalecimento das diretrizes pedag\u00f3gicas s\u00e3o fundamentais para erradicar pr\u00e1ticas discriminat\u00f3rias e promover a diversidade desde a inf\u00e2ncia.<\/p>\n<p>Por Reda\u00e7\u00e3o Acontece<\/p>\n<p>Cr\u00e9ditos da imagem: Divulga\u00e7\u00e3o\/MEC<\/p>\n","protected":false},"excerpt":{"rendered":"<p>Uma pesquisa recente revelou que a maioria das institui\u00e7\u00f5es de ensino da rede p\u00fablica no Brasil j\u00e1 conta com diretrizes espec\u00edficas para combater a discrimina\u00e7\u00e3o racial, buscando transformar o ambiente escolar em um espa\u00e7o mais seguro e igualit\u00e1rio para todos os alunos. O avan\u00e7o dos protocolos antirracismo Cerca de 93% das escolas p\u00fablicas estaduais e [&hellip;]<\/p>\n","protected":false},"author":0,"featured_media":33896,"comment_status":"open","ping_status":"open","sticky":false,"template":"","format":"standard","meta":{"footnotes":""},"categories":[18],"tags":[],"class_list":["post-33890","post","type-post","status-publish","format-standard","has-post-thumbnail","hentry","category-parana"],"_links":{"self":[{"href":"https:\/\/acontecenafronteira.com.br\/index.php\/wp-json\/wp\/v2\/posts\/33890","targetHints":{"allow":["GET"]}}],"collection":[{"href":"https:\/\/acontecenafronteira.com.br\/index.php\/wp-json\/wp\/v2\/posts"}],"about":[{"href":"https:\/\/acontecenafronteira.com.br\/index.php\/wp-json\/wp\/v2\/types\/post"}],"replies":[{"embeddable":true,"href":"https:\/\/acontecenafronteira.com.br\/index.php\/wp-json\/wp\/v2\/comments?post=33890"}],"version-history":[{"count":1,"href":"https:\/\/acontecenafronteira.com.br\/index.php\/wp-json\/wp\/v2\/posts\/33890\/revisions"}],"predecessor-version":[{"id":33895,"href":"https:\/\/acontecenafronteira.com.br\/index.php\/wp-json\/wp\/v2\/posts\/33890\/revisions\/33895"}],"wp:featuredmedia":[{"embeddable":true,"href":"https:\/\/acontecenafronteira.com.br\/index.php\/wp-json\/wp\/v2\/media\/33896"}],"wp:attachment":[{"href":"https:\/\/acontecenafronteira.com.br\/index.php\/wp-json\/wp\/v2\/media?parent=33890"}],"wp:term":[{"taxonomy":"category","embeddable":true,"href":"https:\/\/acontecenafronteira.com.br\/index.php\/wp-json\/wp\/v2\/categories?post=33890"},{"taxonomy":"post_tag","embeddable":true,"href":"https:\/\/acontecenafronteira.com.br\/index.php\/wp-json\/wp\/v2\/tags?post=33890"}],"curies":[{"name":"wp","href":"https:\/\/api.w.org\/{rel}","templated":true}]}}