{"id":33889,"date":"2026-09-02T15:38:22","date_gmt":"2026-09-02T18:38:22","guid":{"rendered":"https:\/\/acontecenafronteira.com.br\/?p=33889"},"modified":"2026-09-02T15:38:22","modified_gmt":"2026-09-02T18:38:22","slug":"deltan-dallagnol-no-senado-entenda-a-disputa-juridica-no-tre-pr","status":"publish","type":"post","link":"https:\/\/acontecenafronteira.com.br\/index.php\/2026\/09\/02\/deltan-dallagnol-no-senado-entenda-a-disputa-juridica-no-tre-pr\/","title":{"rendered":"Deltan Dallagnol no Senado: entenda a disputa jur\u00eddica no TRE-PR"},"content":{"rendered":"<p>Durante sabatina na RPC TV realizada nesta quarta-feira (2), o candidato do partido Novo ao Senado pelo Paran\u00e1, <strong>Deltan Dallagnol<\/strong>, voltou a ser questionado sobre a validade de sua candidatura e os desdobramentos da batalha judicial no Tribunal Regional Eleitoral do Paran\u00e1 (TRE-PR).<\/p>\n<h2>A situa\u00e7\u00e3o jur\u00eddica no TRE-PR<\/h2>\n<p>O cen\u00e1rio envolvendo o ex-procurador tem gerado debates intensos no cen\u00e1rio pol\u00edtico estadual. A celeucida jur\u00eddica gira em torno de questionamentos sobre sua elegibilidade, um tema que tem dominado as entrevistas e os debates eleitorais recentes.<\/p>\n<h2>Questionamentos durante sabatina<\/h2>\n<p>Durante o evento promovido pela emissora paranaense, o candidato teve a oportunidade de esclarecer as d\u00favidas dos eleitores e rebater os argumentos apresentados por seus opositores na Justi\u00e7a Eleitoral. A pol\u00eamica reflete diretamente nos rumos da campanha ao Senado na regi\u00e3o.<\/p>\n<p>A indefini\u00e7\u00e3o sobre o futuro pol\u00edtico de Dallagnol continua mobilizando tanto a sua base de apoiadores quanto os partidos advers\u00e1rios, que acompanham de perto cada movimenta\u00e7\u00e3o dos tribunais.<\/p>\n<p>O desfecho dessa disputa no TRE-PR ser\u00e1 determinante para definir a configura\u00e7\u00e3o final da disputa pelas vagas paranaenses na C\u00e2mara Alta do Congresso Nacional.<\/p>\n<p>Por Reda\u00e7\u00e3o Acontece<\/p>\n<p>Cr\u00e9ditos da imagem: Reprodu\u00e7\u00e3o \/ RPC TV<\/p>\n","protected":false},"excerpt":{"rendered":"<p>Durante sabatina na RPC TV realizada nesta quarta-feira (2), o candidato do partido Novo ao Senado pelo Paran\u00e1, Deltan Dallagnol, voltou a ser questionado sobre a validade de sua candidatura e os desdobramentos da batalha judicial no Tribunal Regional Eleitoral do Paran\u00e1 (TRE-PR). A situa\u00e7\u00e3o jur\u00eddica no TRE-PR O cen\u00e1rio envolvendo o ex-procurador tem gerado [&hellip;]<\/p>\n","protected":false},"author":0,"featured_media":33894,"comment_status":"open","ping_status":"open","sticky":false,"template":"","format":"standard","meta":{"footnotes":""},"categories":[18],"tags":[],"class_list":["post-33889","post","type-post","status-publish","format-standard","has-post-thumbnail","hentry","category-parana"],"_links":{"self":[{"href":"https:\/\/acontecenafronteira.com.br\/index.php\/wp-json\/wp\/v2\/posts\/33889","targetHints":{"allow":["GET"]}}],"collection":[{"href":"https:\/\/acontecenafronteira.com.br\/index.php\/wp-json\/wp\/v2\/posts"}],"about":[{"href":"https:\/\/acontecenafronteira.com.br\/index.php\/wp-json\/wp\/v2\/types\/post"}],"replies":[{"embeddable":true,"href":"https:\/\/acontecenafronteira.com.br\/index.php\/wp-json\/wp\/v2\/comments?post=33889"}],"version-history":[{"count":1,"href":"https:\/\/acontecenafronteira.com.br\/index.php\/wp-json\/wp\/v2\/posts\/33889\/revisions"}],"predecessor-version":[{"id":33893,"href":"https:\/\/acontecenafronteira.com.br\/index.php\/wp-json\/wp\/v2\/posts\/33889\/revisions\/33893"}],"wp:featuredmedia":[{"embeddable":true,"href":"https:\/\/acontecenafronteira.com.br\/index.php\/wp-json\/wp\/v2\/media\/33894"}],"wp:attachment":[{"href":"https:\/\/acontecenafronteira.com.br\/index.php\/wp-json\/wp\/v2\/media?parent=33889"}],"wp:term":[{"taxonomy":"category","embeddable":true,"href":"https:\/\/acontecenafronteira.com.br\/index.php\/wp-json\/wp\/v2\/categories?post=33889"},{"taxonomy":"post_tag","embeddable":true,"href":"https:\/\/acontecenafronteira.com.br\/index.php\/wp-json\/wp\/v2\/tags?post=33889"}],"curies":[{"name":"wp","href":"https:\/\/api.w.org\/{rel}","templated":true}]}}