{"id":33879,"date":"2026-09-02T15:38:11","date_gmt":"2026-09-02T18:38:11","guid":{"rendered":"https:\/\/acontecenafronteira.com.br\/?p=33879"},"modified":"2026-09-02T15:38:11","modified_gmt":"2026-09-02T18:38:11","slug":"jovem-e-preso-apos-espancar-idoso-por-5-minutos-no-pr","status":"publish","type":"post","link":"https:\/\/acontecenafronteira.com.br\/index.php\/2026\/09\/02\/jovem-e-preso-apos-espancar-idoso-por-5-minutos-no-pr\/","title":{"rendered":"Jovem \u00e9 preso ap\u00f3s espancar idoso por 5 minutos no PR"},"content":{"rendered":"<p>Um idoso de 59 anos foi v\u00edtima de uma persegui\u00e7\u00e3o e espancamento violento no dia 22 de agosto, no munic\u00edpio de Palmeira, localizado na regi\u00e3o dos Campos Gerais do Paran\u00e1. O autor do crime, um rapaz de 18 anos identificado como Murilo Luis dos Santos, teve a pris\u00e3o preventiva efetuada na tarde de ter\u00e7a-feira (1\u00b0) ap\u00f3s se entregar \u00e0 pol\u00edcia.<\/p>\n<h2>Circunst\u00e2ncias da viol\u00eancia em Palmeira<\/h2>\n<p>C\u00e2meras de seguran\u00e7a instaladas na regi\u00e3o registraram toda a a\u00e7\u00e3o criminosa. Nas grava\u00e7\u00f5es, a v\u00edtima aparece caminhando pela via p\u00fablica quando passa a ser alvo de investidas violentas, incluindo socos e empurr\u00f5es, at\u00e9 ser derrubada no asfalto. Durante a viol\u00eancia, \u00e9 poss\u00edvel escutar o homem implorando para que a agress\u00e3o cessasse, repetindo frases como &#8220;para, para com isso&#8221;.<\/p>\n<p>De acordo com as investiga\u00e7\u00f5es conduzidas pela Pol\u00edcia Civil do Paran\u00e1, o ataque durou aproximadamente cinco minutos. O delegado respons\u00e1vel pelo caso, Lucas Arruda, apontou que a motiva\u00e7\u00e3o por tr\u00e1s da viol\u00eancia seria for\u00e7ar a v\u00edtima a fazer algum tipo de confiss\u00e3o.<\/p>\n<h2>Consequ\u00eancias f\u00edsicas e pris\u00e3o do suspeito<\/h2>\n<p>O n\u00edvel de viol\u00eancia aplicado no espancamento resultou em ferimentos grav\u00edssimos para o idoso, que sofreu uma fratura exposta em um dos bra\u00e7os e precisou permanecer internado em uma unidade hospitalar por mais de sete dias para se recuperar das les\u00f5es.<\/p>\n<p>A corpora\u00e7\u00e3o policial havia emitido imagens do investigado na condi\u00e7\u00e3o de foragido durante a tarde da \u00faltima ter\u00e7a-feira. No entanto, horas ap\u00f3s a divulga\u00e7\u00e3o, o jovem compareceu espontaneamente \u00e0 delegacia acompanhado de sua representa\u00e7\u00e3o jur\u00eddica e teve o mandado cumprido.<\/p>\n<h2>Posicionamento da defesa<\/h2>\n<p>A defesa do suspeito, representada pela advogada Thayse C. Pozzobon, emitiu um comunicado oficial ressaltando que o inqu\u00e9rito policial est\u00e1 em est\u00e1gio inicial. O texto pede cautela na an\u00e1lise de trechos de v\u00eddeos divulgados e alega que o rapaz teria sofrido provoca\u00e7\u00f5es anteriores, incluindo ofensas direcionadas \u00e0 sua m\u00e3e. A nota ainda menciona que familiares do investigado auxiliaram no socorro imediato da v\u00edtima e destaca que o jovem \u00e9 prim\u00e1rio, estudante e trabalhador.<\/p>\n<p>Por Reda\u00e7\u00e3o Acontece<\/p>\n<p>Imagem: Reprodu\u00e7\u00e3o \/ C\u00e2mera de seguran\u00e7a<\/p>\n","protected":false},"excerpt":{"rendered":"<p>Um idoso de 59 anos foi v\u00edtima de uma persegui\u00e7\u00e3o e espancamento violento no dia 22 de agosto, no munic\u00edpio de Palmeira, localizado na regi\u00e3o dos Campos Gerais do Paran\u00e1. O autor do crime, um rapaz de 18 anos identificado como Murilo Luis dos Santos, teve a pris\u00e3o preventiva efetuada na tarde de ter\u00e7a-feira (1\u00b0) [&hellip;]<\/p>\n","protected":false},"author":0,"featured_media":33886,"comment_status":"open","ping_status":"open","sticky":false,"template":"","format":"standard","meta":{"footnotes":""},"categories":[18],"tags":[],"class_list":["post-33879","post","type-post","status-publish","format-standard","has-post-thumbnail","hentry","category-parana"],"_links":{"self":[{"href":"https:\/\/acontecenafronteira.com.br\/index.php\/wp-json\/wp\/v2\/posts\/33879","targetHints":{"allow":["GET"]}}],"collection":[{"href":"https:\/\/acontecenafronteira.com.br\/index.php\/wp-json\/wp\/v2\/posts"}],"about":[{"href":"https:\/\/acontecenafronteira.com.br\/index.php\/wp-json\/wp\/v2\/types\/post"}],"replies":[{"embeddable":true,"href":"https:\/\/acontecenafronteira.com.br\/index.php\/wp-json\/wp\/v2\/comments?post=33879"}],"version-history":[{"count":1,"href":"https:\/\/acontecenafronteira.com.br\/index.php\/wp-json\/wp\/v2\/posts\/33879\/revisions"}],"predecessor-version":[{"id":33885,"href":"https:\/\/acontecenafronteira.com.br\/index.php\/wp-json\/wp\/v2\/posts\/33879\/revisions\/33885"}],"wp:featuredmedia":[{"embeddable":true,"href":"https:\/\/acontecenafronteira.com.br\/index.php\/wp-json\/wp\/v2\/media\/33886"}],"wp:attachment":[{"href":"https:\/\/acontecenafronteira.com.br\/index.php\/wp-json\/wp\/v2\/media?parent=33879"}],"wp:term":[{"taxonomy":"category","embeddable":true,"href":"https:\/\/acontecenafronteira.com.br\/index.php\/wp-json\/wp\/v2\/categories?post=33879"},{"taxonomy":"post_tag","embeddable":true,"href":"https:\/\/acontecenafronteira.com.br\/index.php\/wp-json\/wp\/v2\/tags?post=33879"}],"curies":[{"name":"wp","href":"https:\/\/api.w.org\/{rel}","templated":true}]}}