{"id":33878,"date":"2026-09-02T15:37:51","date_gmt":"2026-09-02T18:37:51","guid":{"rendered":"https:\/\/acontecenafronteira.com.br\/?p=33878"},"modified":"2026-09-02T15:37:51","modified_gmt":"2026-09-02T18:37:51","slug":"amamentacao-traz-beneficios-essenciais-para-a-saude-da-mulher","status":"publish","type":"post","link":"https:\/\/acontecenafronteira.com.br\/index.php\/2026\/09\/02\/amamentacao-traz-beneficios-essenciais-para-a-saude-da-mulher\/","title":{"rendered":"Amamenta\u00e7\u00e3o traz benef\u00edcios essenciais para a sa\u00fade da mulher"},"content":{"rendered":"<p>Embora o foco do aleitamento seja o beb\u00ea, a ci\u00eancia comprova que a pr\u00e1tica traz vantagens profundas e diretas para o organismo materno.<\/p>\n<h2>Como a amamenta\u00e7\u00e3o protege o corpo logo ap\u00f3s o parto<\/h2>\n<p>Logo nos primeiros dias de vida do rec\u00e9m-nascido, a suc\u00e7\u00e3o estimula a libera\u00e7\u00e3o de oxitocina, o horm\u00f4nio que provoca contra\u00e7\u00f5es uterinas. Esse processo natural acelera o retorno do \u00fatero ao seu tamanho original e diminui consideravelmente o risco de hemorragias p\u00f3s-parto, uma das principais causas de mortalidade materna globalmente.<\/p>\n<h2>Preven\u00e7\u00e3o de doen\u00e7as graves a longo prazo<\/h2>\n<p>Estudos epidemiol\u00f3gicos consolidados revelam que o impacto protetor da amamenta\u00e7\u00e3o se estende por toda a vida. Uma pesquisa hist\u00f3rica publicada na revista The Lancet avaliou mais de 50 mil mulheres e concluiu que o risco relativo de c\u00e2ncer de mama cai 4,3% a cada 12 meses acumulados de amamenta\u00e7\u00e3o, al\u00e9m de uma queda adicional de 7,0% por parto.<\/p>\n<h2>Outros impactos positivos na sa\u00fade feminina<\/h2>\n<p>\u00d3rg\u00e3os internacionais de sa\u00fade apontam que as m\u00e3es que amamentam tamb\u00e9m registram menor incid\u00eancia de c\u00e2ncer de ov\u00e1rio. O aleitamento ainda est\u00e1 associado a taxas reduzidas de hipertens\u00e3o arterial e a uma diminui\u00e7\u00e3o expressiva no risco de desenvolver diabetes tipo 2 na fase adulta.<\/p>\n<h2>O mecanismo biol\u00f3gico da prote\u00e7\u00e3o materna<\/h2>\n<p>Essa defesa natural acontece porque a amamenta\u00e7\u00e3o suprime a ovula\u00e7\u00e3o e promove a diferencia\u00e7\u00e3o completa do tecido mam\u00e1rio. Como resultado, o corpo feminino reduz a exposi\u00e7\u00e3o acumulada ao estrog\u00eanio ao longo da vida, criando uma barreira biol\u00f3gica contra muta\u00e7\u00f5es celulares nas mamas e nos ov\u00e1rios.<\/p>\n<p>Para atravessar essa fase da melhor forma, \u00e9 fundamental construir uma rede de apoio antes mesmo do parto e buscar orienta\u00e7\u00e3o profissional ao enfrentar dificuldades ou dores. Cuidar do pr\u00f3prio bem-estar f\u00edsico e mental \u00e9 indispens\u00e1vel para garantir tamb\u00e9m a sa\u00fade do beb\u00ea.<\/p>\n<p>Por Reda\u00e7\u00e3o Acontece<\/p>\n<p>Cr\u00e9ditos da imagem: Divulga\u00e7\u00e3o \/ Pixabay<\/p>\n","protected":false},"excerpt":{"rendered":"<p>Embora o foco do aleitamento seja o beb\u00ea, a ci\u00eancia comprova que a pr\u00e1tica traz vantagens profundas e diretas para o organismo materno. Como a amamenta\u00e7\u00e3o protege o corpo logo ap\u00f3s o parto Logo nos primeiros dias de vida do rec\u00e9m-nascido, a suc\u00e7\u00e3o estimula a libera\u00e7\u00e3o de oxitocina, o horm\u00f4nio que provoca contra\u00e7\u00f5es uterinas. Esse [&hellip;]<\/p>\n","protected":false},"author":0,"featured_media":33884,"comment_status":"open","ping_status":"open","sticky":false,"template":"","format":"standard","meta":{"footnotes":""},"categories":[18],"tags":[],"class_list":["post-33878","post","type-post","status-publish","format-standard","has-post-thumbnail","hentry","category-parana"],"_links":{"self":[{"href":"https:\/\/acontecenafronteira.com.br\/index.php\/wp-json\/wp\/v2\/posts\/33878","targetHints":{"allow":["GET"]}}],"collection":[{"href":"https:\/\/acontecenafronteira.com.br\/index.php\/wp-json\/wp\/v2\/posts"}],"about":[{"href":"https:\/\/acontecenafronteira.com.br\/index.php\/wp-json\/wp\/v2\/types\/post"}],"replies":[{"embeddable":true,"href":"https:\/\/acontecenafronteira.com.br\/index.php\/wp-json\/wp\/v2\/comments?post=33878"}],"version-history":[{"count":1,"href":"https:\/\/acontecenafronteira.com.br\/index.php\/wp-json\/wp\/v2\/posts\/33878\/revisions"}],"predecessor-version":[{"id":33883,"href":"https:\/\/acontecenafronteira.com.br\/index.php\/wp-json\/wp\/v2\/posts\/33878\/revisions\/33883"}],"wp:featuredmedia":[{"embeddable":true,"href":"https:\/\/acontecenafronteira.com.br\/index.php\/wp-json\/wp\/v2\/media\/33884"}],"wp:attachment":[{"href":"https:\/\/acontecenafronteira.com.br\/index.php\/wp-json\/wp\/v2\/media?parent=33878"}],"wp:term":[{"taxonomy":"category","embeddable":true,"href":"https:\/\/acontecenafronteira.com.br\/index.php\/wp-json\/wp\/v2\/categories?post=33878"},{"taxonomy":"post_tag","embeddable":true,"href":"https:\/\/acontecenafronteira.com.br\/index.php\/wp-json\/wp\/v2\/tags?post=33878"}],"curies":[{"name":"wp","href":"https:\/\/api.w.org\/{rel}","templated":true}]}}