{"id":33877,"date":"2026-09-02T15:37:40","date_gmt":"2026-09-02T18:37:40","guid":{"rendered":"https:\/\/acontecenafronteira.com.br\/?p=33877"},"modified":"2026-09-02T15:37:40","modified_gmt":"2026-09-02T18:37:40","slug":"homem-sobrevive-a-tombamento-de-carreta-e-morre-atacado-por-abelhas","status":"publish","type":"post","link":"https:\/\/acontecenafronteira.com.br\/index.php\/2026\/09\/02\/homem-sobrevive-a-tombamento-de-carreta-e-morre-atacado-por-abelhas\/","title":{"rendered":"Homem sobrevive a tombamento de carreta e morre atacado por abelhas"},"content":{"rendered":"<p>Um caminhoneiro de 50 anos teve um fim tr\u00e1gico ap\u00f3s escapar ileso de um acidente de tr\u00e2nsito na rodovia GO-463, em S\u00e3o Domingos, regi\u00e3o nordeste de Goi\u00e1s. Identificado como Andr\u00e9 Martins da Silva, ele sobreviveu ao tombamento de sua carreta na \u00faltima segunda-feira (31), mas acabou falecindo minutos depois ao ser atacado por milhares de insetos.<\/p>\n<h2>Detalhes do acidente na rodovia<\/h2>\n<p>O motorista conduzia o ve\u00edculo de carga quando perdeu o controle da dire\u00e7\u00e3o, resultando no tombamento da carreta \u00e0s margens da estrada. Apesar da viol\u00eancia da colis\u00e3o, Andr\u00e9 conseguiu se desvencilhar das ferragens por meios pr\u00f3prios e deixou a cabine junto com um colega de viagem que tamb\u00e9m estava no ve\u00edculo.<\/p>\n<h2>O ataque do enxame de abelhas<\/h2>\n<p>Assim que deixaram a estrutura da carreta, os dois homens foram surpreendidos e ferozmente atacados por um enxame de abelhas que estava nas proximidades. O caminhoneiro n\u00e3o resistiu \u00e0 gravidade das picadas e veio a \u00f3bito ainda no local da ocorr\u00eancia.<\/p>\n<p>O passageiro que o acompanhava foi socorrido rapidamente e levado a uma unidade hospitalar da regi\u00e3o, embora atualiza\u00e7\u00f5es sobre seu estado cl\u00ednico atual n\u00e3o tenham sido divulgadas pelas autoridades m\u00e9dicas.<\/p>\n<h2>Laudo pericial e investiga\u00e7\u00f5es<\/h2>\n<p>Conforme informa\u00e7\u00f5es divulgadas pela Pol\u00edcia Cient\u00edfica da Pol\u00edcia Civil do Estado de Goi\u00e1s (PCGO), o \u00f3bito foi causado por um choque anafil\u00e1tico, que consiste em uma rea\u00e7\u00e3o al\u00e9rgica extrema. O laudo emitido pelo m\u00e9dico legista respons\u00e1vel apontou que a v\u00edtima apresentava mais de 400 picadas espalhadas pelo corpo.<\/p>\n<p>Enquanto a Pol\u00edcia Rodovi\u00e1ria Federal assumiu a responsabilidade de investigar os fatores que provocaram a perda de controle do ve\u00edculo e o tombamento inicial da carreta, o caso comoveu a comunidade local pela fatalidade incomun.<\/p>\n<p>Por Reda\u00e7\u00e3o Acontece<\/p>\n<p>Reprodu\u00e7\u00e3o\/Corpo de Bombeiros<\/p>\n","protected":false},"excerpt":{"rendered":"<p>Um caminhoneiro de 50 anos teve um fim tr\u00e1gico ap\u00f3s escapar ileso de um acidente de tr\u00e2nsito na rodovia GO-463, em S\u00e3o Domingos, regi\u00e3o nordeste de Goi\u00e1s. Identificado como Andr\u00e9 Martins da Silva, ele sobreviveu ao tombamento de sua carreta na \u00faltima segunda-feira (31), mas acabou falecindo minutos depois ao ser atacado por milhares de [&hellip;]<\/p>\n","protected":false},"author":0,"featured_media":33882,"comment_status":"open","ping_status":"open","sticky":false,"template":"","format":"standard","meta":{"footnotes":""},"categories":[18],"tags":[],"class_list":["post-33877","post","type-post","status-publish","format-standard","has-post-thumbnail","hentry","category-parana"],"_links":{"self":[{"href":"https:\/\/acontecenafronteira.com.br\/index.php\/wp-json\/wp\/v2\/posts\/33877","targetHints":{"allow":["GET"]}}],"collection":[{"href":"https:\/\/acontecenafronteira.com.br\/index.php\/wp-json\/wp\/v2\/posts"}],"about":[{"href":"https:\/\/acontecenafronteira.com.br\/index.php\/wp-json\/wp\/v2\/types\/post"}],"replies":[{"embeddable":true,"href":"https:\/\/acontecenafronteira.com.br\/index.php\/wp-json\/wp\/v2\/comments?post=33877"}],"version-history":[{"count":1,"href":"https:\/\/acontecenafronteira.com.br\/index.php\/wp-json\/wp\/v2\/posts\/33877\/revisions"}],"predecessor-version":[{"id":33881,"href":"https:\/\/acontecenafronteira.com.br\/index.php\/wp-json\/wp\/v2\/posts\/33877\/revisions\/33881"}],"wp:featuredmedia":[{"embeddable":true,"href":"https:\/\/acontecenafronteira.com.br\/index.php\/wp-json\/wp\/v2\/media\/33882"}],"wp:attachment":[{"href":"https:\/\/acontecenafronteira.com.br\/index.php\/wp-json\/wp\/v2\/media?parent=33877"}],"wp:term":[{"taxonomy":"category","embeddable":true,"href":"https:\/\/acontecenafronteira.com.br\/index.php\/wp-json\/wp\/v2\/categories?post=33877"},{"taxonomy":"post_tag","embeddable":true,"href":"https:\/\/acontecenafronteira.com.br\/index.php\/wp-json\/wp\/v2\/tags?post=33877"}],"curies":[{"name":"wp","href":"https:\/\/api.w.org\/{rel}","templated":true}]}}