{"id":33872,"date":"2026-09-02T15:37:34","date_gmt":"2026-09-02T18:37:34","guid":{"rendered":"https:\/\/acontecenafronteira.com.br\/?p=33872"},"modified":"2026-09-02T15:37:34","modified_gmt":"2026-09-02T18:37:34","slug":"curso-gratuito-ensina-idosos-a-usar-celular-e-evitar-golpes-em-foz","status":"publish","type":"post","link":"https:\/\/acontecenafronteira.com.br\/index.php\/2026\/09\/02\/curso-gratuito-ensina-idosos-a-usar-celular-e-evitar-golpes-em-foz\/","title":{"rendered":"Curso gratuito ensina idosos a usar celular e evitar golpes em Foz"},"content":{"rendered":"<p>Idosos de Foz do Igua\u00e7u j\u00e1 podem se inscrever em uma nova iniciativa voltada para a inclus\u00e3o digital da melhor idade, fruto de uma parceria entre a prefeitura local e a Unioeste.<\/p>\n<h2>Oportunidade de aprendizado tecnol\u00f3gico<\/h2>\n<p>O projeto batizado de <strong>Foz Conecta 60+<\/strong> disponibiliza 20 vagas para quem deseja aprender a manusear smartphones com mais autonomia e seguran\u00e7a. As aulas foram planejadas especialmente para atender \u00e0s necessidades do p\u00fablico idoso, facilitando a adapta\u00e7\u00e3o \u00e0s novas tecnologias.<\/p>\n<p>As atividades pedag\u00f3gicas ocorrer\u00e3o em dois polos estrat\u00e9gicos da cidade: no bairro Jardim Santa Rosa e no CEJU. A localiza\u00e7\u00e3o diversificada visa facilitar o acesso dos participantes de diferentes regi\u00f5es do munic\u00edpio.<\/p>\n<h2>Foco em seguran\u00e7a e redes sociais<\/h2>\n<p>Entre os principais temas abordados no programa est\u00e3o o uso pr\u00e1tico de redes sociais e a navega\u00e7\u00e3o segura na internet. Com o aumento da criminalidade digital, o curso d\u00e1 destaque especial \u00e0 preven\u00e7\u00e3o contra fraudes e golpes virtuais, ensinando os alunos a identificarem armadilhas comuns na rede.<\/p>\n<p>Essa capacita\u00e7\u00e3o \u00e9 fundamental para garantir que os participantes possam usufruir dos benef\u00edcios da comunica\u00e7\u00e3o digital sem correr riscos desnecess\u00e1rios.<\/p>\n<p>A iniciativa representa um avan\u00e7o importante na integra\u00e7\u00e3o social e tecnol\u00f3gica dos idosos da regi\u00e3o, promovendo cidadania e independ\u00eancia digital para a comunidade.<\/p>\n<p>Por Reda\u00e7\u00e3o Acontece<\/p>\n<p>Cr\u00e9ditos da imagem: Divulga\u00e7\u00e3o \/ Prefeitura de Foz<\/p>\n","protected":false},"excerpt":{"rendered":"<p>Idosos de Foz do Igua\u00e7u j\u00e1 podem se inscrever em uma nova iniciativa voltada para a inclus\u00e3o digital da melhor idade, fruto de uma parceria entre a prefeitura local e a Unioeste. Oportunidade de aprendizado tecnol\u00f3gico O projeto batizado de Foz Conecta 60+ disponibiliza 20 vagas para quem deseja aprender a manusear smartphones com mais [&hellip;]<\/p>\n","protected":false},"author":0,"featured_media":33876,"comment_status":"open","ping_status":"open","sticky":false,"template":"","format":"standard","meta":{"footnotes":""},"categories":[4],"tags":[],"class_list":["post-33872","post","type-post","status-publish","format-standard","has-post-thumbnail","hentry","category-cidade"],"_links":{"self":[{"href":"https:\/\/acontecenafronteira.com.br\/index.php\/wp-json\/wp\/v2\/posts\/33872","targetHints":{"allow":["GET"]}}],"collection":[{"href":"https:\/\/acontecenafronteira.com.br\/index.php\/wp-json\/wp\/v2\/posts"}],"about":[{"href":"https:\/\/acontecenafronteira.com.br\/index.php\/wp-json\/wp\/v2\/types\/post"}],"replies":[{"embeddable":true,"href":"https:\/\/acontecenafronteira.com.br\/index.php\/wp-json\/wp\/v2\/comments?post=33872"}],"version-history":[{"count":1,"href":"https:\/\/acontecenafronteira.com.br\/index.php\/wp-json\/wp\/v2\/posts\/33872\/revisions"}],"predecessor-version":[{"id":33875,"href":"https:\/\/acontecenafronteira.com.br\/index.php\/wp-json\/wp\/v2\/posts\/33872\/revisions\/33875"}],"wp:featuredmedia":[{"embeddable":true,"href":"https:\/\/acontecenafronteira.com.br\/index.php\/wp-json\/wp\/v2\/media\/33876"}],"wp:attachment":[{"href":"https:\/\/acontecenafronteira.com.br\/index.php\/wp-json\/wp\/v2\/media?parent=33872"}],"wp:term":[{"taxonomy":"category","embeddable":true,"href":"https:\/\/acontecenafronteira.com.br\/index.php\/wp-json\/wp\/v2\/categories?post=33872"},{"taxonomy":"post_tag","embeddable":true,"href":"https:\/\/acontecenafronteira.com.br\/index.php\/wp-json\/wp\/v2\/tags?post=33872"}],"curies":[{"name":"wp","href":"https:\/\/api.w.org\/{rel}","templated":true}]}}