{"id":33871,"date":"2026-09-02T15:37:23","date_gmt":"2026-09-02T18:37:23","guid":{"rendered":"https:\/\/acontecenafronteira.com.br\/?p=33871"},"modified":"2026-09-02T15:37:23","modified_gmt":"2026-09-02T18:37:23","slug":"feriado-em-foz-do-iguacu-rock-compras-e-natureza","status":"publish","type":"post","link":"https:\/\/acontecenafronteira.com.br\/index.php\/2026\/09\/02\/feriado-em-foz-do-iguacu-rock-compras-e-natureza\/","title":{"rendered":"Feriado em Foz do Igua\u00e7u: Rock, Compras e Natureza"},"content":{"rendered":"<p>O Complexo Dreams Park Show preparou uma programa\u00e7\u00e3o especial para o feriado prolongado da Independ\u00eancia em Foz do Igua\u00e7u, unindo atra\u00e7\u00f5es musicais, op\u00e7\u00f5es de compras e imers\u00e3o na natureza.<\/p>\n<h2>Atra\u00e7\u00f5es musicais e espet\u00e1culos<\/h2>\n<p>Os visitantes que passarem pelo complexo tur\u00edstico durante a data comemorativa poder\u00e3o curtir edi\u00e7\u00f5es extras do aclamado espet\u00e1culo Magic, al\u00e9m de apresenta\u00e7\u00f5es ao vivo com tributos dedicados ao eterno Rei do Rock, Elvis Presley.<\/p>\n<h2>Facilidades em compras e turismo<\/h2>\n<p>Al\u00e9m do entretenimento cultural, o complexo oferece facilidades comerciais exclusivas, destacando a oportunidade de realizar compras no Duty Free com a facilidade de pagamento parcelado em at\u00e9 dez vezes sem juros.<\/p>\n<p>O feriad\u00e3o na tr\u00edplice fronteira se consolida, portanto, como uma excelente alternativa para turistas que buscam divers\u00e3o completa, boa m\u00fasica e lazer em fam\u00edlia, aproveitando ao m\u00e1ximo a infraestrutura da regi\u00e3o.<\/p>\n<p>Por Reda\u00e7\u00e3o Acontece<\/p>\n<p>Cr\u00e9ditos da imagem: Divulga\u00e7\u00e3o \/ Dreams Park Show<\/p>\n","protected":false},"excerpt":{"rendered":"<p>O Complexo Dreams Park Show preparou uma programa\u00e7\u00e3o especial para o feriado prolongado da Independ\u00eancia em Foz do Igua\u00e7u, unindo atra\u00e7\u00f5es musicais, op\u00e7\u00f5es de compras e imers\u00e3o na natureza. Atra\u00e7\u00f5es musicais e espet\u00e1culos Os visitantes que passarem pelo complexo tur\u00edstico durante a data comemorativa poder\u00e3o curtir edi\u00e7\u00f5es extras do aclamado espet\u00e1culo Magic, al\u00e9m de apresenta\u00e7\u00f5es [&hellip;]<\/p>\n","protected":false},"author":0,"featured_media":33874,"comment_status":"open","ping_status":"open","sticky":false,"template":"","format":"standard","meta":{"footnotes":""},"categories":[4],"tags":[],"class_list":["post-33871","post","type-post","status-publish","format-standard","has-post-thumbnail","hentry","category-cidade"],"_links":{"self":[{"href":"https:\/\/acontecenafronteira.com.br\/index.php\/wp-json\/wp\/v2\/posts\/33871","targetHints":{"allow":["GET"]}}],"collection":[{"href":"https:\/\/acontecenafronteira.com.br\/index.php\/wp-json\/wp\/v2\/posts"}],"about":[{"href":"https:\/\/acontecenafronteira.com.br\/index.php\/wp-json\/wp\/v2\/types\/post"}],"replies":[{"embeddable":true,"href":"https:\/\/acontecenafronteira.com.br\/index.php\/wp-json\/wp\/v2\/comments?post=33871"}],"version-history":[{"count":1,"href":"https:\/\/acontecenafronteira.com.br\/index.php\/wp-json\/wp\/v2\/posts\/33871\/revisions"}],"predecessor-version":[{"id":33873,"href":"https:\/\/acontecenafronteira.com.br\/index.php\/wp-json\/wp\/v2\/posts\/33871\/revisions\/33873"}],"wp:featuredmedia":[{"embeddable":true,"href":"https:\/\/acontecenafronteira.com.br\/index.php\/wp-json\/wp\/v2\/media\/33874"}],"wp:attachment":[{"href":"https:\/\/acontecenafronteira.com.br\/index.php\/wp-json\/wp\/v2\/media?parent=33871"}],"wp:term":[{"taxonomy":"category","embeddable":true,"href":"https:\/\/acontecenafronteira.com.br\/index.php\/wp-json\/wp\/v2\/categories?post=33871"},{"taxonomy":"post_tag","embeddable":true,"href":"https:\/\/acontecenafronteira.com.br\/index.php\/wp-json\/wp\/v2\/tags?post=33871"}],"curies":[{"name":"wp","href":"https:\/\/api.w.org\/{rel}","templated":true}]}}