{"id":33859,"date":"2026-09-02T14:37:35","date_gmt":"2026-09-02T17:37:35","guid":{"rendered":"https:\/\/acontecenafronteira.com.br\/?p=33859"},"modified":"2026-09-02T14:37:35","modified_gmt":"2026-09-02T17:37:35","slug":"gabigol-divulga-video-inedito-de-renovacao-com-o-flamengo","status":"publish","type":"post","link":"https:\/\/acontecenafronteira.com.br\/index.php\/2026\/09\/02\/gabigol-divulga-video-inedito-de-renovacao-com-o-flamengo\/","title":{"rendered":"Gabigol divulga v\u00eddeo in\u00e9dito de renova\u00e7\u00e3o com o Flamengo"},"content":{"rendered":"<p>O atacante Gabriel Barbosa surpreendeu os f\u00e3s de futebol nesta quarta-feira (2\/9) ao liberar um registro audiovisual in\u00e9dito. Em participa\u00e7\u00e3o no programa FuiClear TV, o atleta exibiu o material que havia produzido junto \u00e0 diretoria rubro-negra em 2024 para oficializar a extens\u00e3o do seu v\u00ednculo contratual at\u00e9 2028, acordo que acabou n\u00e3o se concretizando.<\/p>\n<h2>A sa\u00edda tumultuada do clube carioca<\/h2>\n<p>A novela sobre a perman\u00eancia do artilheiro na G\u00e1vea se estendeu por toda a temporada de 2024, marcada por diversos epis\u00f3dios pol\u00eamicos. A incerteza s\u00f3 terminou ap\u00f3s a decis\u00e3o da Copa do Brasil, momento em que o jogador sacramentou sua sa\u00edda do Rio de Janeiro rumo ao Cruzeiro, acerto que se tornou oficial no primeiro dia de 2025.<\/p>\n<h2>Hist\u00f3rico de gl\u00f3rias e conflitos no Rio<\/h2>\n<p>Desde sua chegada ao rubro-negro em 2019, o centroavante escreveu seu nome na hist\u00f3ria do clube ao comandar a virada \u00e9pica na final da Copa Libertadores da Am\u00e9rica daquele ano. No entanto, o cen\u00e1rio mudou drasticamente no final de 2023 com a chegada do treinador Tite. Diverg\u00eancias internas resultaram na perda da titularidade.<\/p>\n<p>O ano seguinte foi particularmente dif\u00edcil para o atleta, que enfrentou baixa minutagem, rendimento aqu\u00e9m das expectativas, uma suspens\u00e3o por tentativa de fraude em exame antidoping e a repercuss\u00e3o negativa de uma imagem em que aparecia com a camisa do Corinthians.<\/p>\n<h2>Passagem pelo Cruzeiro e retorno ao Santos<\/h2>\n<p>Ap\u00f3s defender a equipe mineira por uma temporada \u2014 marcada por cr\u00edticas da torcida e por uma penalidade desperdi\u00e7ada na semifinal da Copa do Brasil \u2014, o atacante decidiu mudar de ares novamente. Em 2026, ele retornou ao Santos, clube que o revelou para o cen\u00e1rio nacional.<\/p>\n<p>Diferente dos \u00faltimos anos turbulentos, o camisa 9 vive um momento de ressurrei\u00e7\u00e3o na Vila Belmiro, contabilizando 17 gols marcados e retomando o bom futebol que o consagrou no esporte.<\/p>\n<p>Por Reda\u00e7\u00e3o Acontece<\/p>\n<p>Reprodu\u00e7\u00e3o\/FuiClear TV<\/p>\n","protected":false},"excerpt":{"rendered":"<p>O atacante Gabriel Barbosa surpreendeu os f\u00e3s de futebol nesta quarta-feira (2\/9) ao liberar um registro audiovisual in\u00e9dito. Em participa\u00e7\u00e3o no programa FuiClear TV, o atleta exibiu o material que havia produzido junto \u00e0 diretoria rubro-negra em 2024 para oficializar a extens\u00e3o do seu v\u00ednculo contratual at\u00e9 2028, acordo que acabou n\u00e3o se concretizando. A [&hellip;]<\/p>\n","protected":false},"author":0,"featured_media":33864,"comment_status":"open","ping_status":"open","sticky":false,"template":"","format":"standard","meta":{"footnotes":""},"categories":[6],"tags":[],"class_list":["post-33859","post","type-post","status-publish","format-standard","has-post-thumbnail","hentry","category-mercosul"],"_links":{"self":[{"href":"https:\/\/acontecenafronteira.com.br\/index.php\/wp-json\/wp\/v2\/posts\/33859","targetHints":{"allow":["GET"]}}],"collection":[{"href":"https:\/\/acontecenafronteira.com.br\/index.php\/wp-json\/wp\/v2\/posts"}],"about":[{"href":"https:\/\/acontecenafronteira.com.br\/index.php\/wp-json\/wp\/v2\/types\/post"}],"replies":[{"embeddable":true,"href":"https:\/\/acontecenafronteira.com.br\/index.php\/wp-json\/wp\/v2\/comments?post=33859"}],"version-history":[{"count":1,"href":"https:\/\/acontecenafronteira.com.br\/index.php\/wp-json\/wp\/v2\/posts\/33859\/revisions"}],"predecessor-version":[{"id":33863,"href":"https:\/\/acontecenafronteira.com.br\/index.php\/wp-json\/wp\/v2\/posts\/33859\/revisions\/33863"}],"wp:featuredmedia":[{"embeddable":true,"href":"https:\/\/acontecenafronteira.com.br\/index.php\/wp-json\/wp\/v2\/media\/33864"}],"wp:attachment":[{"href":"https:\/\/acontecenafronteira.com.br\/index.php\/wp-json\/wp\/v2\/media?parent=33859"}],"wp:term":[{"taxonomy":"category","embeddable":true,"href":"https:\/\/acontecenafronteira.com.br\/index.php\/wp-json\/wp\/v2\/categories?post=33859"},{"taxonomy":"post_tag","embeddable":true,"href":"https:\/\/acontecenafronteira.com.br\/index.php\/wp-json\/wp\/v2\/tags?post=33859"}],"curies":[{"name":"wp","href":"https:\/\/api.w.org\/{rel}","templated":true}]}}