{"id":33845,"date":"2026-09-02T14:36:34","date_gmt":"2026-09-02T17:36:34","guid":{"rendered":"https:\/\/acontecenafronteira.com.br\/?p=33845"},"modified":"2026-09-02T14:36:34","modified_gmt":"2026-09-02T17:36:34","slug":"quedas-de-energia-em-iguatemi-revoltam-moradores","status":"publish","type":"post","link":"https:\/\/acontecenafronteira.com.br\/index.php\/2026\/09\/02\/quedas-de-energia-em-iguatemi-revoltam-moradores\/","title":{"rendered":"Quedas de energia em Iguatemi revoltam moradores"},"content":{"rendered":"<p>Moradores do distrito de Iguatemi, em Maring\u00e1, enfrentam um verdadeiro caos devido \u00e0 instabilidade no fornecimento de eletricidade. O problema foi duramente criticado durante a sess\u00e3o ordin\u00e1ria da C\u00e2mara Municipal nesta ter\u00e7a-feira (1\u00ba).<\/p>\n<h2>Preju\u00edzos causados pelos blecautes<\/h2>\n<p>O vereador William Genti (PP) levou o problema \u00e0 tribuna e revelou um dado alarmante: foram registradas 18 quedas de energia na localidade em um intervalo de apenas trinta dias. A situa\u00e7\u00e3o tem gerado revolta entre os habitantes e comerciantes locais, que acumulam preju\u00edzos com a oscila\u00e7\u00e3o constante da rede el\u00e9trica.<\/p>\n<h2>Cobran\u00e7a por melhorias na rede<\/h2>\n<p>Diante do cen\u00e1rio cr\u00edtico, o parlamentar cobrou provid\u00eancias imediatas da concession\u00e1ria respons\u00e1vel pelo servi\u00e7o na regi\u00e3o. Segundo o vereador, a falta de confiabilidade no sistema afeta a rotina das fam\u00edlias e compromete o com\u00e9rcio, exigindo investimentos urgentes em infraestrutura para normalizar o abastecimento.<\/p>\n<p>O caso segue sob aten\u00e7\u00e3o do Legislativo municipal, que deve intensificar a fiscaliza\u00e7\u00e3o sobre os servi\u00e7os prestados pela empresa de energia el\u00e9trica na zona rural e distritos de Maring\u00e1.<\/p>\n<p>Por Reda\u00e7\u00e3o Acontece<\/p>\n<p>Cr\u00e9ditos da imagem: Divulga\u00e7\u00e3o \/ C\u00e2mara Municipal de Maring\u00e1<\/p>\n","protected":false},"excerpt":{"rendered":"<p>Moradores do distrito de Iguatemi, em Maring\u00e1, enfrentam um verdadeiro caos devido \u00e0 instabilidade no fornecimento de eletricidade. O problema foi duramente criticado durante a sess\u00e3o ordin\u00e1ria da C\u00e2mara Municipal nesta ter\u00e7a-feira (1\u00ba). Preju\u00edzos causados pelos blecautes O vereador William Genti (PP) levou o problema \u00e0 tribuna e revelou um dado alarmante: foram registradas 18 [&hellip;]<\/p>\n","protected":false},"author":0,"featured_media":33848,"comment_status":"open","ping_status":"open","sticky":false,"template":"","format":"standard","meta":{"footnotes":""},"categories":[18],"tags":[],"class_list":["post-33845","post","type-post","status-publish","format-standard","has-post-thumbnail","hentry","category-parana"],"_links":{"self":[{"href":"https:\/\/acontecenafronteira.com.br\/index.php\/wp-json\/wp\/v2\/posts\/33845","targetHints":{"allow":["GET"]}}],"collection":[{"href":"https:\/\/acontecenafronteira.com.br\/index.php\/wp-json\/wp\/v2\/posts"}],"about":[{"href":"https:\/\/acontecenafronteira.com.br\/index.php\/wp-json\/wp\/v2\/types\/post"}],"replies":[{"embeddable":true,"href":"https:\/\/acontecenafronteira.com.br\/index.php\/wp-json\/wp\/v2\/comments?post=33845"}],"version-history":[{"count":1,"href":"https:\/\/acontecenafronteira.com.br\/index.php\/wp-json\/wp\/v2\/posts\/33845\/revisions"}],"predecessor-version":[{"id":33847,"href":"https:\/\/acontecenafronteira.com.br\/index.php\/wp-json\/wp\/v2\/posts\/33845\/revisions\/33847"}],"wp:featuredmedia":[{"embeddable":true,"href":"https:\/\/acontecenafronteira.com.br\/index.php\/wp-json\/wp\/v2\/media\/33848"}],"wp:attachment":[{"href":"https:\/\/acontecenafronteira.com.br\/index.php\/wp-json\/wp\/v2\/media?parent=33845"}],"wp:term":[{"taxonomy":"category","embeddable":true,"href":"https:\/\/acontecenafronteira.com.br\/index.php\/wp-json\/wp\/v2\/categories?post=33845"},{"taxonomy":"post_tag","embeddable":true,"href":"https:\/\/acontecenafronteira.com.br\/index.php\/wp-json\/wp\/v2\/tags?post=33845"}],"curies":[{"name":"wp","href":"https:\/\/api.w.org\/{rel}","templated":true}]}}