{"id":33834,"date":"2026-09-02T13:37:36","date_gmt":"2026-09-02T16:37:36","guid":{"rendered":"https:\/\/acontecenafronteira.com.br\/?p=33834"},"modified":"2026-09-02T13:37:36","modified_gmt":"2026-09-02T16:37:36","slug":"prisao-de-suspeita-por-morte-de-mulher-esfaqueada-no-df","status":"publish","type":"post","link":"https:\/\/acontecenafronteira.com.br\/index.php\/2026\/09\/02\/prisao-de-suspeita-por-morte-de-mulher-esfaqueada-no-df\/","title":{"rendered":"Pris\u00e3o de suspeita por morte de mulher esfaqueada no DF"},"content":{"rendered":"<p>A Pol\u00edcia Civil do Distrito Federal efetuou a pris\u00e3o, nesta quarta-feira, de uma mulher de 42 anos apontada como c\u00famplice no assassinato de Jussiara Ferreira dos Santos, de 42 anos. A captura ocorreu no munic\u00edpio goiano de \u00c1guas Lindas.<\/p>\n<h2>Detalhes do crime e motiva\u00e7\u00e3o<\/h2>\n<p>A investiga\u00e7\u00e3o conduzida pela 32\u00aa Delegacia de Pol\u00edcia aponta que a suspeita, que mantinha la\u00e7os de amizade com a v\u00edtima e dividia a mesma resid\u00eancia, teria imobilizado Jussiara durante a madrugada do \u00faltimo s\u00e1bado, em Samambaia, facilitando o ataque desferido pelo ex-companheiro da v\u00edtima, Jo\u00e3o Alberto Mesquita da Silva.<\/p>\n<p>Conforme relatos obtidos junto a testemunhas, a agress\u00e3o letal teve in\u00edcio ap\u00f3s um desentendimento por causa de uma c\u00e9dula de R$ 10. Jussiara se op\u00f4s a entregar a quantia \u2014 que planejava utilizar na compra de um lanche \u2014, pois os envolvidos pretendiam usar o dinheiro para a aquisi\u00e7\u00e3o de entorpecentes.<\/p>\n<h2>Hist\u00f3rico do ex-companheiro e amea\u00e7as<\/h2>\n<p>O executor do crime, conhecido como Juninho, teve a pris\u00e3o em flagrante convertida em preventiva durante audi\u00eancia de cust\u00f3dia realizada pelo tribunal competente. Horas ap\u00f3s cometer o feminic\u00eddio, ele ainda teria abordado parentes da v\u00edtima em via p\u00fablica, proferindo amea\u00e7as de morte contra os familiares e afirmando que invadiria o hospital para concluir o atentado.<\/p>\n<p>Durante buscas autorizadas na resid\u00eancia do suspeito, os agentes apreenderam quatro armas brancas, um aparelho celular e uma pe\u00e7a de vestu\u00e1rio.<\/p>\n<h2>Medida protetiva e antecedentes criminais<\/h2>\n<p>Registros indicam que Jussiara j\u00e1 havia buscado prote\u00e7\u00e3o judicial contra o agressor anteriormente, mas a medida protetiva acabou revogada em 2019 ap\u00f3s manifesta\u00e7\u00e3o do Minist\u00e9rio P\u00fablico, que entendeu faltarem elementos para o prosseguimento da a\u00e7\u00e3o penal naquele per\u00edodo.<\/p>\n<p>O hist\u00f3rico de viol\u00eancia do autor inclui epis\u00f3dios anteriores, como uma invas\u00e3o domiciliar em 2015 na qual esfaqueou o companheiro de outra ex-namorada, al\u00e9m de uma deten\u00e7\u00e3o mais recente por desacato e amea\u00e7a com arma branca a profissionais de sa\u00fade em uma unidade de pronto atendimento.<\/p>\n<p>Por Reda\u00e7\u00e3o Acontece<\/p>\n<p>Reprodu\u00e7\u00e3o\/PCDF<\/p>\n","protected":false},"excerpt":{"rendered":"<p>A Pol\u00edcia Civil do Distrito Federal efetuou a pris\u00e3o, nesta quarta-feira, de uma mulher de 42 anos apontada como c\u00famplice no assassinato de Jussiara Ferreira dos Santos, de 42 anos. A captura ocorreu no munic\u00edpio goiano de \u00c1guas Lindas. Detalhes do crime e motiva\u00e7\u00e3o A investiga\u00e7\u00e3o conduzida pela 32\u00aa Delegacia de Pol\u00edcia aponta que a [&hellip;]<\/p>\n","protected":false},"author":0,"featured_media":33839,"comment_status":"open","ping_status":"open","sticky":false,"template":"","format":"standard","meta":{"footnotes":""},"categories":[6],"tags":[],"class_list":["post-33834","post","type-post","status-publish","format-standard","has-post-thumbnail","hentry","category-mercosul"],"_links":{"self":[{"href":"https:\/\/acontecenafronteira.com.br\/index.php\/wp-json\/wp\/v2\/posts\/33834","targetHints":{"allow":["GET"]}}],"collection":[{"href":"https:\/\/acontecenafronteira.com.br\/index.php\/wp-json\/wp\/v2\/posts"}],"about":[{"href":"https:\/\/acontecenafronteira.com.br\/index.php\/wp-json\/wp\/v2\/types\/post"}],"replies":[{"embeddable":true,"href":"https:\/\/acontecenafronteira.com.br\/index.php\/wp-json\/wp\/v2\/comments?post=33834"}],"version-history":[{"count":1,"href":"https:\/\/acontecenafronteira.com.br\/index.php\/wp-json\/wp\/v2\/posts\/33834\/revisions"}],"predecessor-version":[{"id":33838,"href":"https:\/\/acontecenafronteira.com.br\/index.php\/wp-json\/wp\/v2\/posts\/33834\/revisions\/33838"}],"wp:featuredmedia":[{"embeddable":true,"href":"https:\/\/acontecenafronteira.com.br\/index.php\/wp-json\/wp\/v2\/media\/33839"}],"wp:attachment":[{"href":"https:\/\/acontecenafronteira.com.br\/index.php\/wp-json\/wp\/v2\/media?parent=33834"}],"wp:term":[{"taxonomy":"category","embeddable":true,"href":"https:\/\/acontecenafronteira.com.br\/index.php\/wp-json\/wp\/v2\/categories?post=33834"},{"taxonomy":"post_tag","embeddable":true,"href":"https:\/\/acontecenafronteira.com.br\/index.php\/wp-json\/wp\/v2\/tags?post=33834"}],"curies":[{"name":"wp","href":"https:\/\/api.w.org\/{rel}","templated":true}]}}