{"id":33824,"date":"2026-09-02T13:37:12","date_gmt":"2026-09-02T16:37:12","guid":{"rendered":"https:\/\/acontecenafronteira.com.br\/?p=33824"},"modified":"2026-09-02T13:37:12","modified_gmt":"2026-09-02T16:37:12","slug":"quantos-alunos-por-professor-nas-creches-de-sp-e-rj","status":"publish","type":"post","link":"https:\/\/acontecenafronteira.com.br\/index.php\/2026\/09\/02\/quantos-alunos-por-professor-nas-creches-de-sp-e-rj\/","title":{"rendered":"Quantos alunos por professor nas creches de SP e RJ?"},"content":{"rendered":"<p>Pais e respons\u00e1veis que buscam a institui\u00e7\u00e3o de ensino ideal para a primeira inf\u00e2ncia agora podem consultar a propor\u00e7\u00e3o exata de crian\u00e7as por educador em quase 300 creches e pr\u00e9-escolas localizadas nas capitais do Rio de Janeiro e de S\u00e3o Paulo.<\/p>\n<h2>Panorama da educa\u00e7\u00e3o infantil nas capitais<\/h2>\n<p>O levantamento revela que as escolas particulares da capital fluminense contam com uma m\u00e9dia de 13 estudantes por docente na educa\u00e7\u00e3o infantil. Em contrapartida, as unidades localizadas na capital paulista registram uma m\u00e9dia de 10 alunos para cada professor.<\/p>\n<p>Esses \u00edndices foram calculados dividindo-se o total de matr\u00edculas em creches e pr\u00e9-escolas pelo n\u00famero de profissionais dedicados a essas etapas, utilizando como base a edi\u00e7\u00e3o mais recente do Censo Escolar, levantamento oficial repassado ao Minist\u00e9rio da Educa\u00e7\u00e3o.<\/p>\n<h2>Ferramenta detalha infraestrutura e servi\u00e7os<\/h2>\n<p>Al\u00e9m da rela\u00e7\u00e3o pedag\u00f3gica, a plataforma digital re\u00fane informa\u00e7\u00f5es essenciais sobre mensalidades, hor\u00e1rios de funcionamento, localiza\u00e7\u00e3o, abordagens pedag\u00f3gicas e infraestrutura completa das unidades avaliadas.<\/p>\n<p>Entre os aspectos que podem ser filtrados pelos usu\u00e1rios est\u00e3o a oferta de ensino bil\u00edngue, o funcionamento em per\u00edodo integral ou parcial, o acesso a c\u00e2meras de seguran\u00e7a em tempo real, pol\u00edticas de restri\u00e7\u00e3o de telas e o in\u00edcio da alfabetiza\u00e7\u00e3o.<\/p>\n<p>A estrutura f\u00edsica das institui\u00e7\u00f5es tamb\u00e9m \u00e9 detalhada, indicando a presen\u00e7a de parques infantis, salas de repouso, banheiros adaptados, hortas, \u00e1reas verdes, piscinas, al\u00e9m do percentual de salas climatizadas e adaptadas para acessibilidade.<\/p>\n<h2>Metodologia e crit\u00e9rios do levantamento<\/h2>\n<p>A constru\u00e7\u00e3o da ferramenta exigiu tr\u00eas meses de buscas ativas por institui\u00e7\u00f5es de ensino infantil nas duas maiores metr\u00f3poles do pa\u00eds. O filtro inicial selecionou escolas com pelo menos 30 alunos matriculados e uma propor\u00e7\u00e3o m\u00e9dia de at\u00e9 12 crian\u00e7as por educador.<\/p>\n<p>Esse par\u00e2metro alinha-se \u00e0s diretrizes estabelecidas pelo Conselho Nacional de Educa\u00e7\u00e3o, que fixa limites espec\u00edficos de atendimento por faixa et\u00e1ria para garantir a qualidade da intera\u00e7\u00e3o: cinco beb\u00eas de at\u00e9 um ano por professor; oito crian\u00e7as de um a dois anos; doze crian\u00e7as de dois a tr\u00eas anos; dezoito crian\u00e7as at\u00e9 quatro anos; e vinte crian\u00e7as para as idades de quatro e cinco anos.<\/p>\n<p>Por Reda\u00e7\u00e3o Acontece<\/p>\n<p>Imagem: Freepik \/ Divulga\u00e7\u00e3o<\/p>\n","protected":false},"excerpt":{"rendered":"<p>Pais e respons\u00e1veis que buscam a institui\u00e7\u00e3o de ensino ideal para a primeira inf\u00e2ncia agora podem consultar a propor\u00e7\u00e3o exata de crian\u00e7as por educador em quase 300 creches e pr\u00e9-escolas localizadas nas capitais do Rio de Janeiro e de S\u00e3o Paulo. Panorama da educa\u00e7\u00e3o infantil nas capitais O levantamento revela que as escolas particulares da [&hellip;]<\/p>\n","protected":false},"author":0,"featured_media":33831,"comment_status":"open","ping_status":"open","sticky":false,"template":"","format":"standard","meta":{"footnotes":""},"categories":[28],"tags":[],"class_list":["post-33824","post","type-post","status-publish","format-standard","has-post-thumbnail","hentry","category-mundo"],"_links":{"self":[{"href":"https:\/\/acontecenafronteira.com.br\/index.php\/wp-json\/wp\/v2\/posts\/33824","targetHints":{"allow":["GET"]}}],"collection":[{"href":"https:\/\/acontecenafronteira.com.br\/index.php\/wp-json\/wp\/v2\/posts"}],"about":[{"href":"https:\/\/acontecenafronteira.com.br\/index.php\/wp-json\/wp\/v2\/types\/post"}],"replies":[{"embeddable":true,"href":"https:\/\/acontecenafronteira.com.br\/index.php\/wp-json\/wp\/v2\/comments?post=33824"}],"version-history":[{"count":1,"href":"https:\/\/acontecenafronteira.com.br\/index.php\/wp-json\/wp\/v2\/posts\/33824\/revisions"}],"predecessor-version":[{"id":33830,"href":"https:\/\/acontecenafronteira.com.br\/index.php\/wp-json\/wp\/v2\/posts\/33824\/revisions\/33830"}],"wp:featuredmedia":[{"embeddable":true,"href":"https:\/\/acontecenafronteira.com.br\/index.php\/wp-json\/wp\/v2\/media\/33831"}],"wp:attachment":[{"href":"https:\/\/acontecenafronteira.com.br\/index.php\/wp-json\/wp\/v2\/media?parent=33824"}],"wp:term":[{"taxonomy":"category","embeddable":true,"href":"https:\/\/acontecenafronteira.com.br\/index.php\/wp-json\/wp\/v2\/categories?post=33824"},{"taxonomy":"post_tag","embeddable":true,"href":"https:\/\/acontecenafronteira.com.br\/index.php\/wp-json\/wp\/v2\/tags?post=33824"}],"curies":[{"name":"wp","href":"https:\/\/api.w.org\/{rel}","templated":true}]}}