{"id":33823,"date":"2026-09-02T13:36:31","date_gmt":"2026-09-02T16:36:31","guid":{"rendered":"https:\/\/acontecenafronteira.com.br\/?p=33823"},"modified":"2026-09-02T13:36:31","modified_gmt":"2026-09-02T16:36:31","slug":"mari-menezes-revela-diagnostico-de-urticaria-cronica-espontanea","status":"publish","type":"post","link":"https:\/\/acontecenafronteira.com.br\/index.php\/2026\/09\/02\/mari-menezes-revela-diagnostico-de-urticaria-cronica-espontanea\/","title":{"rendered":"Mari Menezes revela diagn\u00f3stico de urtic\u00e1ria cr\u00f4nica espont\u00e2nea"},"content":{"rendered":"<p>A criadora de conte\u00fado digital Mari Menezes usou suas plataformas online para compartilhar com os seguidores que recebeu o diagn\u00f3stico de uma condi\u00e7\u00e3o m\u00e9dica incomum ap\u00f3s enfrentar epis\u00f3dios persistentes de coceira e vermelhid\u00e3o cut\u00e2nea por mais de 30 semanas.<\/p>\n<h2>Entenda a condi\u00e7\u00e3o diagnosticada na influenciadora<\/h2>\n<p>Em seus relatos, a famosa explicou que sofre de <b>urtic\u00e1ria cr\u00f4nica espont\u00e2nea<\/b>, um quadro benigno que pode manifestar marcas vermelhas no colo em momentos de maior ansiedade. A terapia inicial planejada ter\u00e1 dura\u00e7\u00e3o de quatro meses, com a ingest\u00e3o de rem\u00e9dios a cada doze horas, embora o problema possa se estender por anos ou apresentar remiss\u00f5es e recidivas imprevis\u00edveis. Ela tamb\u00e9m tranquilizou o p\u00fablico ao ressaltar que a patologia n\u00e3o \u00e9 transmiss\u00edvel.<\/p>\n<h2>Caracter\u00edsticas da enfermidade dermatol\u00f3gica<\/h2>\n<p>O dist\u00farbio inflamat\u00f3rio \u00e9 marcado pelo aparecimento constante de placas avermelhadas pruriginosas e, em certas situa\u00e7\u00f5es, de <b>angioedema<\/b>, que consiste em edemas profundos na pele que ultrapassam o per\u00edodo de seis semanas sem estarem ligados a agentes externos como cosm\u00e9ticos ou alimentos.<\/p>\n<p>Os impactos na rotina dos pacientes costumam ser severos, prejudicando o sono, as atividades cotidianas e as rela\u00e7\u00f5es interpessoais, o que frequentemente resulta em isolamento social devido \u00e0 dor, \u00e0 coceira intensa e ao constrangimento est\u00e9tico, especialmente quando o incha\u00e7o afeta a face.<\/p>\n<h2>Classifica\u00e7\u00e3o m\u00e9dica e abordagens terap\u00eauticas<\/h2>\n<p>Do ponto de vista cl\u00ednico, a condi\u00e7\u00e3o se divide entre aguda, quando os sintomas duram at\u00e9 seis semanas, e cr\u00f4nica, que afeta cerca de 1% da popula\u00e7\u00e3o. Esta \u00faltima subdivide-se em espont\u00e2nea \u2014 quando surge sem gatilhos externos \u2014 e induzida, que depende de fatores como calor, frio ou press\u00e3o para se manifestar.<\/p>\n<p>O diagn\u00f3stico baseia-se em uma avalia\u00e7\u00e3o cl\u00ednica detalhada conduzida por especialistas, como alergistas ou dermatologistas, dispensando exames complexos na maioria dos casos. J\u00e1 o manejo terap\u00eautico costuma envolver o uso de anti-histam\u00ednicos, podendo recorrer a terapias imunossupressoras ou biol\u00f3gicas em cen\u00e1rios de maior gravidade.<\/p>\n<p>Por Reda\u00e7\u00e3o Acontece<\/p>\n<p>Imagem: Reprodu\u00e7\u00e3o \/ Redes Sociais<\/p>\n","protected":false},"excerpt":{"rendered":"<p>A criadora de conte\u00fado digital Mari Menezes usou suas plataformas online para compartilhar com os seguidores que recebeu o diagn\u00f3stico de uma condi\u00e7\u00e3o m\u00e9dica incomum ap\u00f3s enfrentar epis\u00f3dios persistentes de coceira e vermelhid\u00e3o cut\u00e2nea por mais de 30 semanas. Entenda a condi\u00e7\u00e3o diagnosticada na influenciadora Em seus relatos, a famosa explicou que sofre de urtic\u00e1ria [&hellip;]<\/p>\n","protected":false},"author":0,"featured_media":33829,"comment_status":"open","ping_status":"open","sticky":false,"template":"","format":"standard","meta":{"footnotes":""},"categories":[28],"tags":[],"class_list":["post-33823","post","type-post","status-publish","format-standard","has-post-thumbnail","hentry","category-mundo"],"_links":{"self":[{"href":"https:\/\/acontecenafronteira.com.br\/index.php\/wp-json\/wp\/v2\/posts\/33823","targetHints":{"allow":["GET"]}}],"collection":[{"href":"https:\/\/acontecenafronteira.com.br\/index.php\/wp-json\/wp\/v2\/posts"}],"about":[{"href":"https:\/\/acontecenafronteira.com.br\/index.php\/wp-json\/wp\/v2\/types\/post"}],"replies":[{"embeddable":true,"href":"https:\/\/acontecenafronteira.com.br\/index.php\/wp-json\/wp\/v2\/comments?post=33823"}],"version-history":[{"count":1,"href":"https:\/\/acontecenafronteira.com.br\/index.php\/wp-json\/wp\/v2\/posts\/33823\/revisions"}],"predecessor-version":[{"id":33828,"href":"https:\/\/acontecenafronteira.com.br\/index.php\/wp-json\/wp\/v2\/posts\/33823\/revisions\/33828"}],"wp:featuredmedia":[{"embeddable":true,"href":"https:\/\/acontecenafronteira.com.br\/index.php\/wp-json\/wp\/v2\/media\/33829"}],"wp:attachment":[{"href":"https:\/\/acontecenafronteira.com.br\/index.php\/wp-json\/wp\/v2\/media?parent=33823"}],"wp:term":[{"taxonomy":"category","embeddable":true,"href":"https:\/\/acontecenafronteira.com.br\/index.php\/wp-json\/wp\/v2\/categories?post=33823"},{"taxonomy":"post_tag","embeddable":true,"href":"https:\/\/acontecenafronteira.com.br\/index.php\/wp-json\/wp\/v2\/tags?post=33823"}],"curies":[{"name":"wp","href":"https:\/\/api.w.org\/{rel}","templated":true}]}}