{"id":33822,"date":"2026-09-02T13:36:24","date_gmt":"2026-09-02T16:36:24","guid":{"rendered":"https:\/\/acontecenafronteira.com.br\/?p=33822"},"modified":"2026-09-02T13:36:24","modified_gmt":"2026-09-02T16:36:24","slug":"tropas-de-israel-vao-ficar-em-gaza-afirma-benjamin-netanyahu","status":"publish","type":"post","link":"https:\/\/acontecenafronteira.com.br\/index.php\/2026\/09\/02\/tropas-de-israel-vao-ficar-em-gaza-afirma-benjamin-netanyahu\/","title":{"rendered":"Tropas de Israel v\u00e3o ficar em Gaza, afirma Benjamin Netanyahu"},"content":{"rendered":"<p>O primeiro-ministro de Israel, Benjamin Netanyahu, declarou que as for\u00e7as armadas do pa\u00eds n\u00e3o v\u00e3o abandonar as regi\u00f5es que dominam na Faixa de Gaza. Durante uma rara visita ao enclave, onde o controle militar atinge cerca de 60% do territ\u00f3rio, o premi\u00ea refor\u00e7ou a posi\u00e7\u00e3o estrat\u00e9gica de perman\u00eancia.<\/p>\n<h2>Avan\u00e7o militar e novas baixas no conflito<\/h2>\n<p>A viagem oficial ocorreu no contexto da campanha para as elei\u00e7\u00f5es israelenses, agendadas para o dia 27 de outubro. Perto da linha amarela, que marca o limite da zona sob ocupa\u00e7\u00e3o militar, Netanyahu garantiu a continuidade da presen\u00e7a armada e anunciou a captura de Muein al-Arabid, apontado como um alto comandante da seguran\u00e7a interna do Hamas.<\/p>\n<p>Os confrontos recentes acumulam mais de 900 mortes de palestinos na regi\u00e3o apenas em 2026. Os dados s\u00e3o fornecidos pelo Minist\u00e9rio da Sa\u00fade local, administrado pelo Hamas, e recebem valida\u00e7\u00e3o da Organiza\u00e7\u00e3o das Na\u00e7\u00f5es Unidas (ONU).<\/p>\n<h2>Hist\u00f3rico e contesta\u00e7\u00f5es sobre dados de v\u00edtimas<\/h2>\n<p>As hostilidades atuais come\u00e7aram ap\u00f3s a ofensiva liderada pelo Hamas contra o territ\u00f3rio israelense em 7 de outubro de 2023, epis\u00f3dio que resultou em aproximadamente 1.200 mortes e 251 sequestros. Mesmo ap\u00f3s o cessar-fogo estabelecido em 10 de outubro de 2025, o n\u00famero de palestinos mortos por a\u00e7\u00f5es israelenses ultrapassou 1.300, incluindo pelo menos 301 crian\u00e7as.<\/p>\n<p>Enquanto a ONU valida as estat\u00edsticas e levantamentos independentes atestam a consist\u00eancia dos registros, o governo israelense contesta os n\u00fameros e argumenta que n\u00e3o h\u00e1 fundamentos para responsabilizar integralmente as suas for\u00e7as armadas pelas fatalidades.<\/p>\n<h2>Planos para o futuro da popula\u00e7\u00e3o local<\/h2>\n<p>Em alinhamento com a postura de perman\u00eancia militar, o ministro da Defesa de Israel, Israel Katz, revelou que o governo estuda alternativas para remover os palestinos da Faixa de Gaza. Em evento recente, Katz declarou que a administra\u00e7\u00e3o aguarda um posicionamento dos Estados Unidos sobre o futuro da popula\u00e7\u00e3o na regi\u00e3o.<\/p>\n<p>O ministro destacou que uma solu\u00e7\u00e3o definitiva para o enclave passa pela migra\u00e7\u00e3o e mencionou que o Estado israelense se prepara para executar essa transfer\u00eancia populacional por vias mar\u00edtimas, a\u00e9reas ou por qualquer outra alternativa vi\u00e1vel.<\/p>\n<p>Por Reda\u00e7\u00e3o Acontece<\/p>\n<p>Foto: Divulga\u00e7\u00e3o<\/p>\n","protected":false},"excerpt":{"rendered":"<p>O primeiro-ministro de Israel, Benjamin Netanyahu, declarou que as for\u00e7as armadas do pa\u00eds n\u00e3o v\u00e3o abandonar as regi\u00f5es que dominam na Faixa de Gaza. Durante uma rara visita ao enclave, onde o controle militar atinge cerca de 60% do territ\u00f3rio, o premi\u00ea refor\u00e7ou a posi\u00e7\u00e3o estrat\u00e9gica de perman\u00eancia. Avan\u00e7o militar e novas baixas no conflito [&hellip;]<\/p>\n","protected":false},"author":0,"featured_media":33827,"comment_status":"open","ping_status":"open","sticky":false,"template":"","format":"standard","meta":{"footnotes":""},"categories":[28],"tags":[],"class_list":["post-33822","post","type-post","status-publish","format-standard","has-post-thumbnail","hentry","category-mundo"],"_links":{"self":[{"href":"https:\/\/acontecenafronteira.com.br\/index.php\/wp-json\/wp\/v2\/posts\/33822","targetHints":{"allow":["GET"]}}],"collection":[{"href":"https:\/\/acontecenafronteira.com.br\/index.php\/wp-json\/wp\/v2\/posts"}],"about":[{"href":"https:\/\/acontecenafronteira.com.br\/index.php\/wp-json\/wp\/v2\/types\/post"}],"replies":[{"embeddable":true,"href":"https:\/\/acontecenafronteira.com.br\/index.php\/wp-json\/wp\/v2\/comments?post=33822"}],"version-history":[{"count":1,"href":"https:\/\/acontecenafronteira.com.br\/index.php\/wp-json\/wp\/v2\/posts\/33822\/revisions"}],"predecessor-version":[{"id":33826,"href":"https:\/\/acontecenafronteira.com.br\/index.php\/wp-json\/wp\/v2\/posts\/33822\/revisions\/33826"}],"wp:featuredmedia":[{"embeddable":true,"href":"https:\/\/acontecenafronteira.com.br\/index.php\/wp-json\/wp\/v2\/media\/33827"}],"wp:attachment":[{"href":"https:\/\/acontecenafronteira.com.br\/index.php\/wp-json\/wp\/v2\/media?parent=33822"}],"wp:term":[{"taxonomy":"category","embeddable":true,"href":"https:\/\/acontecenafronteira.com.br\/index.php\/wp-json\/wp\/v2\/categories?post=33822"},{"taxonomy":"post_tag","embeddable":true,"href":"https:\/\/acontecenafronteira.com.br\/index.php\/wp-json\/wp\/v2\/tags?post=33822"}],"curies":[{"name":"wp","href":"https:\/\/api.w.org\/{rel}","templated":true}]}}