{"id":33806,"date":"2026-09-02T13:35:52","date_gmt":"2026-09-02T16:35:52","guid":{"rendered":"https:\/\/acontecenafronteira.com.br\/?p=33806"},"modified":"2026-09-02T13:35:52","modified_gmt":"2026-09-02T16:35:52","slug":"moto-choca-se-violentamente-contra-caminhonete-no-pr","status":"publish","type":"post","link":"https:\/\/acontecenafronteira.com.br\/index.php\/2026\/09\/02\/moto-choca-se-violentamente-contra-caminhonete-no-pr\/","title":{"rendered":"Moto choca-se violentamente contra caminhonete no PR"},"content":{"rendered":"<p>Uma colis\u00e3o impressionante envolvendo uma motocicleta e uma caminhonete foi registrada no munic\u00edpio de Tapejara, localizado na regi\u00e3o Noroeste do Paran\u00e1. O acidente aconteceu durante a noite do dia 26 de agosto, mas as grava\u00e7\u00f5es que mostram a viol\u00eancia do impacto s\u00f3 foram divulgadas recentemente.<\/p>\n<h2>Din\u00e2mica da colis\u00e3o no Paran\u00e1<\/h2>\n<p>Nas imagens capturadas pelas c\u00e2meras de seguran\u00e7a, \u00e9 poss\u00edvel ver o momento exato em que a caminhonete inicia uma convers\u00e3o \u00e0 direita na \u00e1rea central da cidade. Segundos depois, a motocicleta se aproxima em alta velocidade e acerta em cheio a lateral do autom\u00f3vel.<\/p>\n<p>Devido \u00e0 for\u00e7a do impacto, o condutor da moto \u00e9 arremessado para o alto, terminando por cair diretamente sobre a ca\u00e7amba da caminhonete. Populares que presenciaram o ocorrido agiram rapidamente para prestar os primeiros socorros e acionar as equipes de emerg\u00eancia.<\/p>\n<h2>Estado de sa\u00fade das v\u00edtimas e investiga\u00e7\u00e3o<\/h2>\n<p>Apesar da espetacularidade do acidente e dos danos materiais significativos, o motociclista sofreu ferimentos considerados graves, mas felizmente encontra-se fora de risco de morte. Ele recebeu atendimento m\u00e9dico especializado logo ap\u00f3s o resgate. Por outro lado, o motorista da caminhonete saiu ileso da situa\u00e7\u00e3o.<\/p>\n<p>As autoridades policiais compareceram ao endere\u00e7o da ocorr\u00eancia para registrar o boletim de ocorr\u00eancia e realizar os levantamentos t\u00e9cnicos necess\u00e1rios. Agora, a Pol\u00edcia Militar conduz investiga\u00e7\u00f5es para apurar as causas exatas e eventuais responsabilidades pelo sinistro de tr\u00e2nsito.<\/p>\n<p>Por Reda\u00e7\u00e3o Acontece<\/p>\n<p>Foto: Reprodu\u00e7\u00e3o \/ Redes Sociais<\/p>\n","protected":false},"excerpt":{"rendered":"<p>Uma colis\u00e3o impressionante envolvendo uma motocicleta e uma caminhonete foi registrada no munic\u00edpio de Tapejara, localizado na regi\u00e3o Noroeste do Paran\u00e1. O acidente aconteceu durante a noite do dia 26 de agosto, mas as grava\u00e7\u00f5es que mostram a viol\u00eancia do impacto s\u00f3 foram divulgadas recentemente. Din\u00e2mica da colis\u00e3o no Paran\u00e1 Nas imagens capturadas pelas c\u00e2meras [&hellip;]<\/p>\n","protected":false},"author":0,"featured_media":33810,"comment_status":"open","ping_status":"open","sticky":false,"template":"","format":"standard","meta":{"footnotes":""},"categories":[18],"tags":[],"class_list":["post-33806","post","type-post","status-publish","format-standard","has-post-thumbnail","hentry","category-parana"],"_links":{"self":[{"href":"https:\/\/acontecenafronteira.com.br\/index.php\/wp-json\/wp\/v2\/posts\/33806","targetHints":{"allow":["GET"]}}],"collection":[{"href":"https:\/\/acontecenafronteira.com.br\/index.php\/wp-json\/wp\/v2\/posts"}],"about":[{"href":"https:\/\/acontecenafronteira.com.br\/index.php\/wp-json\/wp\/v2\/types\/post"}],"replies":[{"embeddable":true,"href":"https:\/\/acontecenafronteira.com.br\/index.php\/wp-json\/wp\/v2\/comments?post=33806"}],"version-history":[{"count":1,"href":"https:\/\/acontecenafronteira.com.br\/index.php\/wp-json\/wp\/v2\/posts\/33806\/revisions"}],"predecessor-version":[{"id":33809,"href":"https:\/\/acontecenafronteira.com.br\/index.php\/wp-json\/wp\/v2\/posts\/33806\/revisions\/33809"}],"wp:featuredmedia":[{"embeddable":true,"href":"https:\/\/acontecenafronteira.com.br\/index.php\/wp-json\/wp\/v2\/media\/33810"}],"wp:attachment":[{"href":"https:\/\/acontecenafronteira.com.br\/index.php\/wp-json\/wp\/v2\/media?parent=33806"}],"wp:term":[{"taxonomy":"category","embeddable":true,"href":"https:\/\/acontecenafronteira.com.br\/index.php\/wp-json\/wp\/v2\/categories?post=33806"},{"taxonomy":"post_tag","embeddable":true,"href":"https:\/\/acontecenafronteira.com.br\/index.php\/wp-json\/wp\/v2\/tags?post=33806"}],"curies":[{"name":"wp","href":"https:\/\/api.w.org\/{rel}","templated":true}]}}