{"id":33791,"date":"2026-09-02T12:37:23","date_gmt":"2026-09-02T15:37:23","guid":{"rendered":"https:\/\/acontecenafronteira.com.br\/?p=33791"},"modified":"2026-09-02T12:37:23","modified_gmt":"2026-09-02T15:37:23","slug":"bombardeio-em-casamento-no-ira-deixa-4-mortos-e-50-feridos","status":"publish","type":"post","link":"https:\/\/acontecenafronteira.com.br\/index.php\/2026\/09\/02\/bombardeio-em-casamento-no-ira-deixa-4-mortos-e-50-feridos\/","title":{"rendered":"Bombardeio em casamento no Ir\u00e3 deixa 4 mortos e 50 feridos"},"content":{"rendered":"<p>Um ataque a\u00e9reo atingiu uma cerim\u00f4nia de casamento na cidade de Kuhestak, situada no sul do Ir\u00e3, nesta ter\u00e7a-feira (1). De acordo com dados confirmados pelo Crescente Vermelho, \u00f3rg\u00e3o que integra a Cruz Vermelha no pa\u00eds, a trag\u00e9dia deixou pelo menos quatro mortos e outras 50 pessoas feridas.<\/p>\n<h2>Acusa\u00e7\u00f5es cruzadas e nega\u00e7\u00e3o militar<\/h2>\n<p>O governo iraniano responsabilizou os Estados Unidos pelo bombardeio e divulgou imagens que revelam a completa destrui\u00e7\u00e3o e os escombros deixados no local da celebra\u00e7\u00e3o. Entre as v\u00edtimas fatais, a imprensa local confirmou o falecimento de uma crian\u00e7a de apenas quatro anos de idade.<\/p>\n<p>Em contrapartida, o Comando Central dos Estados Unidos, conhecido como Centcom, negou veementemente qualquer envolvimento ou responsabilidade pelas mortes ocorridas durante o evento festivo no territ\u00f3rio iraniano.<\/p>\n<h2>Escalada de tens\u00e3o militar na regi\u00e3o<\/h2>\n<p>O incidente ocorreu em meio ao segundo dia consecutivo de ofensivas norte-americanas no pa\u00eds. O Centcom justificou as a\u00e7\u00f5es militares como uma resposta direta a investidas iranianas anteriores contra embarca\u00e7\u00f5es comerciais que navegavam pelo Estreito de Ormuz.<\/p>\n<p>Como retalia\u00e7\u00e3o aos ataques, Teer\u00e3 disparou drones e m\u00edsseis direcionados a bases militares norte-americanas localizadas em na\u00e7\u00f5es do Golfo P\u00e9rsico. Autoridades militares da Jord\u00e2nia confirmaram a intercepta\u00e7\u00e3o de 13 m\u00edsseis no espa\u00e7o a\u00e9reo nacional, enquanto o Ex\u00e9rcito do Kuwait tamb\u00e9m relatou a identifica\u00e7\u00e3o de disparos vindos do territ\u00f3rio iraniano.<\/p>\n<h2>Repercuss\u00e3o diplom\u00e1tica<\/h2>\n<p>Diante do cen\u00e1rio de viol\u00eancia, Esmaeil Baqaei, porta-voz da chancelaria do Ir\u00e3, repudiou publicamente o ataque que destruiu a festa. Por meio de declara\u00e7\u00f5es oficiais, ele criticou a postura internacional diante das ofensivas, alertando sobre os perigos da normaliza\u00e7\u00e3o da viol\u00eancia e do sil\u00eancio diplom\u00e1tico frente \u00e0s baixas civis.<\/p>\n<p>Por Reda\u00e7\u00e3o Acontece<\/p>\n<p>V\u00eddeo: Reprodu\u00e7\u00e3o\/Redes sociais<\/p>\n","protected":false},"excerpt":{"rendered":"<p>Um ataque a\u00e9reo atingiu uma cerim\u00f4nia de casamento na cidade de Kuhestak, situada no sul do Ir\u00e3, nesta ter\u00e7a-feira (1). De acordo com dados confirmados pelo Crescente Vermelho, \u00f3rg\u00e3o que integra a Cruz Vermelha no pa\u00eds, a trag\u00e9dia deixou pelo menos quatro mortos e outras 50 pessoas feridas. Acusa\u00e7\u00f5es cruzadas e nega\u00e7\u00e3o militar O governo [&hellip;]<\/p>\n","protected":false},"author":0,"featured_media":33796,"comment_status":"open","ping_status":"open","sticky":false,"template":"","format":"standard","meta":{"footnotes":""},"categories":[18],"tags":[],"class_list":["post-33791","post","type-post","status-publish","format-standard","has-post-thumbnail","hentry","category-parana"],"_links":{"self":[{"href":"https:\/\/acontecenafronteira.com.br\/index.php\/wp-json\/wp\/v2\/posts\/33791","targetHints":{"allow":["GET"]}}],"collection":[{"href":"https:\/\/acontecenafronteira.com.br\/index.php\/wp-json\/wp\/v2\/posts"}],"about":[{"href":"https:\/\/acontecenafronteira.com.br\/index.php\/wp-json\/wp\/v2\/types\/post"}],"replies":[{"embeddable":true,"href":"https:\/\/acontecenafronteira.com.br\/index.php\/wp-json\/wp\/v2\/comments?post=33791"}],"version-history":[{"count":1,"href":"https:\/\/acontecenafronteira.com.br\/index.php\/wp-json\/wp\/v2\/posts\/33791\/revisions"}],"predecessor-version":[{"id":33795,"href":"https:\/\/acontecenafronteira.com.br\/index.php\/wp-json\/wp\/v2\/posts\/33791\/revisions\/33795"}],"wp:featuredmedia":[{"embeddable":true,"href":"https:\/\/acontecenafronteira.com.br\/index.php\/wp-json\/wp\/v2\/media\/33796"}],"wp:attachment":[{"href":"https:\/\/acontecenafronteira.com.br\/index.php\/wp-json\/wp\/v2\/media?parent=33791"}],"wp:term":[{"taxonomy":"category","embeddable":true,"href":"https:\/\/acontecenafronteira.com.br\/index.php\/wp-json\/wp\/v2\/categories?post=33791"},{"taxonomy":"post_tag","embeddable":true,"href":"https:\/\/acontecenafronteira.com.br\/index.php\/wp-json\/wp\/v2\/tags?post=33791"}],"curies":[{"name":"wp","href":"https:\/\/api.w.org\/{rel}","templated":true}]}}