{"id":33782,"date":"2026-09-02T12:37:15","date_gmt":"2026-09-02T15:37:15","guid":{"rendered":"https:\/\/acontecenafronteira.com.br\/?p=33782"},"modified":"2026-09-02T12:37:15","modified_gmt":"2026-09-02T15:37:15","slug":"mulher-e-atropelada-por-bmw-em-curitiba-ao-fechar-porta-de-carro","status":"publish","type":"post","link":"https:\/\/acontecenafronteira.com.br\/index.php\/2026\/09\/02\/mulher-e-atropelada-por-bmw-em-curitiba-ao-fechar-porta-de-carro\/","title":{"rendered":"Mulher \u00e9 atropelada por BMW em Curitiba ao fechar porta de carro"},"content":{"rendered":"<p>Uma mulher de 62 anos sofreu ferimentos graves na noite da \u00faltima ter\u00e7a-feira (2), por volta das 20h, ap\u00f3s ser atingida por uma BMW no bairro Merc\u00eas, localizado em Curitiba.<\/p>\n<h2>Din\u00e2mica do atropelamento<\/h2>\n<p>O acidente ocorreu no momento em que a v\u00edtima acabava de desembarcar de um autom\u00f3vel e se preparava para fechar a porta. De acordo com relatos colhidos no local, o ve\u00edculo de luxo trafegava em alta velocidade pela via.<\/p>\n<p>A mulher seguia para o seu \u00faltimo dia de aula em um curso profissionalizante. Um colega que a acompanhava testemunhou toda a cena e relatou que o motorista da BMW surgiu repentinamente, atropelando a v\u00edtima, colidindo contra outros dois carros estacionados e parando logo em seguida.<\/p>\n<h2>Socorro e desdobramentos<\/h2>\n<p>Ap\u00f3s o impacto, a pedestre recebeu atendimento de emerg\u00eancia e foi encaminhada em estado grave para o Hospital Universit\u00e1rio Evang\u00e9lico Mackenzie. At\u00e9 o fechamento desta reportagem, a institui\u00e7\u00e3o m\u00e9dica n\u00e3o havia divulgado atualiza\u00e7\u00f5es sobre o quadro cl\u00ednico da paciente.<\/p>\n<p>O condutor respons\u00e1vel pela colis\u00e3o foi levado a uma unidade hospitalar por familiares. Os motoristas dos demais ve\u00edculos atingidos sa\u00edram ilesos. As autoridades policiais foram acionadas para investigar as circunst\u00e2ncias do atropelamento e apurar a responsabilidade do motorista do ve\u00edculo de luxo.<\/p>\n<p>Por Reda\u00e7\u00e3o Acontece<\/p>\n<p>Reprodu\u00e7\u00e3o\/RPC<\/p>\n","protected":false},"excerpt":{"rendered":"<p>Uma mulher de 62 anos sofreu ferimentos graves na noite da \u00faltima ter\u00e7a-feira (2), por volta das 20h, ap\u00f3s ser atingida por uma BMW no bairro Merc\u00eas, localizado em Curitiba. Din\u00e2mica do atropelamento O acidente ocorreu no momento em que a v\u00edtima acabava de desembarcar de um autom\u00f3vel e se preparava para fechar a porta. [&hellip;]<\/p>\n","protected":false},"author":0,"featured_media":33790,"comment_status":"open","ping_status":"open","sticky":false,"template":"","format":"standard","meta":{"footnotes":""},"categories":[18],"tags":[],"class_list":["post-33782","post","type-post","status-publish","format-standard","has-post-thumbnail","hentry","category-parana"],"_links":{"self":[{"href":"https:\/\/acontecenafronteira.com.br\/index.php\/wp-json\/wp\/v2\/posts\/33782","targetHints":{"allow":["GET"]}}],"collection":[{"href":"https:\/\/acontecenafronteira.com.br\/index.php\/wp-json\/wp\/v2\/posts"}],"about":[{"href":"https:\/\/acontecenafronteira.com.br\/index.php\/wp-json\/wp\/v2\/types\/post"}],"replies":[{"embeddable":true,"href":"https:\/\/acontecenafronteira.com.br\/index.php\/wp-json\/wp\/v2\/comments?post=33782"}],"version-history":[{"count":1,"href":"https:\/\/acontecenafronteira.com.br\/index.php\/wp-json\/wp\/v2\/posts\/33782\/revisions"}],"predecessor-version":[{"id":33789,"href":"https:\/\/acontecenafronteira.com.br\/index.php\/wp-json\/wp\/v2\/posts\/33782\/revisions\/33789"}],"wp:featuredmedia":[{"embeddable":true,"href":"https:\/\/acontecenafronteira.com.br\/index.php\/wp-json\/wp\/v2\/media\/33790"}],"wp:attachment":[{"href":"https:\/\/acontecenafronteira.com.br\/index.php\/wp-json\/wp\/v2\/media?parent=33782"}],"wp:term":[{"taxonomy":"category","embeddable":true,"href":"https:\/\/acontecenafronteira.com.br\/index.php\/wp-json\/wp\/v2\/categories?post=33782"},{"taxonomy":"post_tag","embeddable":true,"href":"https:\/\/acontecenafronteira.com.br\/index.php\/wp-json\/wp\/v2\/tags?post=33782"}],"curies":[{"name":"wp","href":"https:\/\/api.w.org\/{rel}","templated":true}]}}