{"id":33780,"date":"2026-09-02T12:36:33","date_gmt":"2026-09-02T15:36:33","guid":{"rendered":"https:\/\/acontecenafronteira.com.br\/?p=33780"},"modified":"2026-09-02T12:36:33","modified_gmt":"2026-09-02T15:36:33","slug":"professor-morre-apos-queda-de-forro-em-escola-no-parana","status":"publish","type":"post","link":"https:\/\/acontecenafronteira.com.br\/index.php\/2026\/09\/02\/professor-morre-apos-queda-de-forro-em-escola-no-parana\/","title":{"rendered":"Professor morre ap\u00f3s queda de forro em escola no Paran\u00e1"},"content":{"rendered":"<p>Um professor de 39 anos morreu na tarde da \u00faltima ter\u00e7a-feira (1) ap\u00f3s sofrer uma queda do alto do forro de uma resid\u00eancia situada no complexo do Col\u00e9gio Estadual Agr\u00edcola de Toledo, na regi\u00e3o oeste paranaense.<\/p>\n<h2>Ocorr\u00eancia e atendimento de socorro<\/h2>\n<p>O Corpo de Bombeiros foi mobilizado por volta das 17h para prestar socorro na Estrada Rural Narciso Ant\u00f4nio Casarotto, situada no Jardim Panorama.<\/p>\n<p>Quando os socorristas chegaram ao endere\u00e7o, a v\u00edtima identificada como Cassiano Rossetto j\u00e1 se encontrava em quadro de parada cardiorrespirat\u00f3ria. Apesar das intensas tentativas de reanima\u00e7\u00e3o cardiopulmonar executadas pela equipe de resgate, um m\u00e9dico legista atestou o \u00f3bito ainda no local da trag\u00e9dia.<\/p>\n<h2>Investiga\u00e7\u00e3o sobre as causas do \u00f3bito<\/h2>\n<p>Informa\u00e7\u00f5es preliminares apontam que o educador executava servi\u00e7os na estrutura superior de PVC quando despencou, havendo suspeita de que ele tenha sofrido uma descarga el\u00e9trica antes do impacto no solo.<\/p>\n<p>Contudo, as causas exatas do falecimento permanecem sob investiga\u00e7\u00e3o. Policiais e peritos constataram que os disjuntores da casa estavam desativados no momento da chegada dos socorristas.<\/p>\n<p>A investiga\u00e7\u00e3o pericial ser\u00e1 fundamental para determinar se a morte foi provocada pelas les\u00f5es decorrentes da queda, por um mal s\u00fabito ou por um choque el\u00e9trico.<\/p>\n<h2>Impacto na rotina escolar e suspens\u00e3o das aulas<\/h2>\n<p>Em sinal de luto pelo falecimento do docente, a dire\u00e7\u00e3o da institui\u00e7\u00e3o de ensino paranaense cancelou todas as atividades letivas previstas para esta quarta-feira (2).<\/p>\n<p>Por meio de nota oficial, o col\u00e9gio garantiu que os alunos matriculados no regime de internato continuar\u00e3o recebendo total assist\u00eancia e monitoramento de docentes e servidores durante o per\u00edodo de luto.<\/p>\n<p>Por Reda\u00e7\u00e3o Acontece<\/p>\n<p>Reprodu\u00e7\u00e3o\/ Redes sociais<\/p>\n","protected":false},"excerpt":{"rendered":"<p>Um professor de 39 anos morreu na tarde da \u00faltima ter\u00e7a-feira (1) ap\u00f3s sofrer uma queda do alto do forro de uma resid\u00eancia situada no complexo do Col\u00e9gio Estadual Agr\u00edcola de Toledo, na regi\u00e3o oeste paranaense. Ocorr\u00eancia e atendimento de socorro O Corpo de Bombeiros foi mobilizado por volta das 17h para prestar socorro na [&hellip;]<\/p>\n","protected":false},"author":0,"featured_media":33786,"comment_status":"open","ping_status":"open","sticky":false,"template":"","format":"standard","meta":{"footnotes":""},"categories":[18],"tags":[],"class_list":["post-33780","post","type-post","status-publish","format-standard","has-post-thumbnail","hentry","category-parana"],"_links":{"self":[{"href":"https:\/\/acontecenafronteira.com.br\/index.php\/wp-json\/wp\/v2\/posts\/33780","targetHints":{"allow":["GET"]}}],"collection":[{"href":"https:\/\/acontecenafronteira.com.br\/index.php\/wp-json\/wp\/v2\/posts"}],"about":[{"href":"https:\/\/acontecenafronteira.com.br\/index.php\/wp-json\/wp\/v2\/types\/post"}],"replies":[{"embeddable":true,"href":"https:\/\/acontecenafronteira.com.br\/index.php\/wp-json\/wp\/v2\/comments?post=33780"}],"version-history":[{"count":1,"href":"https:\/\/acontecenafronteira.com.br\/index.php\/wp-json\/wp\/v2\/posts\/33780\/revisions"}],"predecessor-version":[{"id":33785,"href":"https:\/\/acontecenafronteira.com.br\/index.php\/wp-json\/wp\/v2\/posts\/33780\/revisions\/33785"}],"wp:featuredmedia":[{"embeddable":true,"href":"https:\/\/acontecenafronteira.com.br\/index.php\/wp-json\/wp\/v2\/media\/33786"}],"wp:attachment":[{"href":"https:\/\/acontecenafronteira.com.br\/index.php\/wp-json\/wp\/v2\/media?parent=33780"}],"wp:term":[{"taxonomy":"category","embeddable":true,"href":"https:\/\/acontecenafronteira.com.br\/index.php\/wp-json\/wp\/v2\/categories?post=33780"},{"taxonomy":"post_tag","embeddable":true,"href":"https:\/\/acontecenafronteira.com.br\/index.php\/wp-json\/wp\/v2\/tags?post=33780"}],"curies":[{"name":"wp","href":"https:\/\/api.w.org\/{rel}","templated":true}]}}