{"id":33771,"date":"2026-09-02T11:37:40","date_gmt":"2026-09-02T14:37:40","guid":{"rendered":"https:\/\/acontecenafronteira.com.br\/?p=33771"},"modified":"2026-09-02T11:37:40","modified_gmt":"2026-09-02T14:37:40","slug":"momentos-historicos-do-rock-in-rio-relembre-shows-marcantes","status":"publish","type":"post","link":"https:\/\/acontecenafronteira.com.br\/index.php\/2026\/09\/02\/momentos-historicos-do-rock-in-rio-relembre-shows-marcantes\/","title":{"rendered":"Momentos hist\u00f3ricos do Rock in Rio: relembre shows marcantes"},"content":{"rendered":"<p>Momentos hist\u00f3ricos do Rock in Rio: relembre shows marcantes Descubra os momentos mais marcantes da hist\u00f3ria do Rock in Rio. Relembre shows inesquec\u00edveis, pol\u00eamicas e curiosidades das edi\u00e7\u00f5es passadas. A contagem regressiva para o <strong>Rock in Rio 2026<\/strong> j\u00e1 come\u00e7ou. Marcado para iniciar no dia 4 de setembro na Cidade do Rock, localizada no Parque Ol\u00edmpico da Barra da Tijuca, na Zona Sudoeste do Rio de Janeiro, o festival desperta nostalgia ao completar mais de quatro d\u00e9cadas de hist\u00f3ria desde a sua estreia em 1985. <\/p>\n<h2>Os prim\u00f3rdios e as lendas de 1985<\/h2>\n<p> A primeira edi\u00e7\u00e3o do evento estabeleceu marcos que perduram na mem\u00f3ria dos f\u00e3s de m\u00fasica. O lend\u00e1rio <strong>Freddie Mercury<\/strong> protagonizou um dos instantes mais emocionantes da m\u00fasica ao se surpreender com um coro ensurdecedor de 250 mil pessoas cantando &#8220;Love of my life&#8221;. Outro destaque daquele ano envolveu <strong>Ozzy Osbourne<\/strong>. Devido a um incidente anterior nos Estados Unidos, a produ\u00e7\u00e3o exigiu em contrato que o m\u00fasico n\u00e3o mordesse animais. Ele se comportou perfeitamente, mesmo quando uma galinha viva foi arremessada ao palco. J\u00e1 o <strong>AC\/DC<\/strong> exigiu a importa\u00e7\u00e3o de navio de seu famoso sino de meia tonelada para tocar &#8220;Hell&#8217;s Bells&#8221;. Como o peso comprometeria a estrutura, um substituto de gesso precisou ser fabricado \u00e0s pressas. O festival tamb\u00e9m se misturou com a pol\u00edtica nacional quando o <strong>Bar\u00e3o Vermelho<\/strong> entoou &#8220;Pro dia nascer feliz&#8221; justamente no dia da elei\u00e7\u00e3o de Tancredo Neves, marcando o fim do regime militar. <\/p>\n<h2>Pol\u00eamicas, ousadia e shows inesquec\u00edveis<\/h2>\n<p> A d\u00e9cada de 1990 trouxe o grandioso show de <strong>Prince<\/strong> no Est\u00e1dio do Maracan\u00e3 em 1991, famoso por sua exig\u00eancia de 700 toalhas brancas no camarim. No mesmo ano, <strong>Lob\u00e3o<\/strong> protagonizou a apresenta\u00e7\u00e3o mais curta do evento, abandonando o palco ap\u00f3s apenas seis minutos devido a intensas vaias. O ano de 2001 foi marcado por forte ousadia e tens\u00e3o. <strong>C\u00e1ssia Eller<\/strong> realizou uma performance hist\u00f3rica e mostrou os seios para a plateia. Na mesma edi\u00e7\u00e3o, <strong>Nick Oliveri<\/strong>, baixista do <strong>Queens of the Stone Age<\/strong>, apresentou-se completamente nu, o que resultou em sua condu\u00e7\u00e3o a uma delegacia por ato obsceno. No mesmo ano, <strong>Carlinhos Brown<\/strong> enfrentou uma chuva de garrafas d&#8217;\u00e1gua do p\u00fablico, mas manteve a postura pac\u00edfica no palco. <\/p>\n<h2>Grandes surpresas das edi\u00e7\u00f5es recentes<\/h2>\n<p> As edi\u00e7\u00f5es mais recentes trouxeram momentos de forte conex\u00e3o com o p\u00fablico brasileiro. Em 2011, <strong>Chris Martin<\/strong>, vocalista do <strong>Coldplay<\/strong>, demonstrou seu amor pela capital fluminense ao grafitar a palavra &#8220;Rio&#8221; em uma placa met\u00e1lica. J\u00e1 em 2013, <strong>Beyonc\u00e9<\/strong> surpreendeu a multid\u00e3o ao arriscar os passos do hit nacional &#8220;Passinho do Volante (Ah Lelek Lek Lek)&#8221;. No mesmo ano, <strong>Jon Bon Jovi<\/strong> atendeu ao pedido de uma f\u00e3 apaixonada que segurava um cartaz e lhe deu quatro beijos no palco. Anos mais tarde, em 2019, a cantora <strong>Pink<\/strong> emocionou o p\u00fablico ao sobrevoar a Cidade do Rock presa por cabos durante sua performance. Por Reda\u00e7\u00e3o Acontece Foto: Arquivo \/ Ag\u00eancia O Globo<\/p>\n","protected":false},"excerpt":{"rendered":"<p>Momentos hist\u00f3ricos do Rock in Rio: relembre shows marcantes Descubra os momentos mais marcantes da hist\u00f3ria do Rock in Rio. Relembre shows inesquec\u00edveis, pol\u00eamicas e curiosidades das edi\u00e7\u00f5es passadas. A contagem regressiva para o Rock in Rio 2026 j\u00e1 come\u00e7ou. Marcado para iniciar no dia 4 de setembro na Cidade do Rock, localizada no Parque [&hellip;]<\/p>\n","protected":false},"author":0,"featured_media":33776,"comment_status":"open","ping_status":"open","sticky":false,"template":"","format":"standard","meta":{"footnotes":""},"categories":[28],"tags":[],"class_list":["post-33771","post","type-post","status-publish","format-standard","has-post-thumbnail","hentry","category-mundo"],"_links":{"self":[{"href":"https:\/\/acontecenafronteira.com.br\/index.php\/wp-json\/wp\/v2\/posts\/33771","targetHints":{"allow":["GET"]}}],"collection":[{"href":"https:\/\/acontecenafronteira.com.br\/index.php\/wp-json\/wp\/v2\/posts"}],"about":[{"href":"https:\/\/acontecenafronteira.com.br\/index.php\/wp-json\/wp\/v2\/types\/post"}],"replies":[{"embeddable":true,"href":"https:\/\/acontecenafronteira.com.br\/index.php\/wp-json\/wp\/v2\/comments?post=33771"}],"version-history":[{"count":1,"href":"https:\/\/acontecenafronteira.com.br\/index.php\/wp-json\/wp\/v2\/posts\/33771\/revisions"}],"predecessor-version":[{"id":33775,"href":"https:\/\/acontecenafronteira.com.br\/index.php\/wp-json\/wp\/v2\/posts\/33771\/revisions\/33775"}],"wp:featuredmedia":[{"embeddable":true,"href":"https:\/\/acontecenafronteira.com.br\/index.php\/wp-json\/wp\/v2\/media\/33776"}],"wp:attachment":[{"href":"https:\/\/acontecenafronteira.com.br\/index.php\/wp-json\/wp\/v2\/media?parent=33771"}],"wp:term":[{"taxonomy":"category","embeddable":true,"href":"https:\/\/acontecenafronteira.com.br\/index.php\/wp-json\/wp\/v2\/categories?post=33771"},{"taxonomy":"post_tag","embeddable":true,"href":"https:\/\/acontecenafronteira.com.br\/index.php\/wp-json\/wp\/v2\/tags?post=33771"}],"curies":[{"name":"wp","href":"https:\/\/api.w.org\/{rel}","templated":true}]}}