{"id":33760,"date":"2026-09-02T11:36:52","date_gmt":"2026-09-02T14:36:52","guid":{"rendered":"https:\/\/acontecenafronteira.com.br\/?p=33760"},"modified":"2026-09-02T11:36:52","modified_gmt":"2026-09-02T14:36:52","slug":"novo-advogado-de-sergio-moro-no-pr-e-multado-pelo-tce","status":"publish","type":"post","link":"https:\/\/acontecenafronteira.com.br\/index.php\/2026\/09\/02\/novo-advogado-de-sergio-moro-no-pr-e-multado-pelo-tce\/","title":{"rendered":"Novo advogado de Sergio Moro no PR \u00e9 multado pelo TCE"},"content":{"rendered":"<p>O mais recente refor\u00e7o do time jur\u00eddico da campanha de Sergio Moro para o governo paranaense, o advogado Gustavo Schemim da Matta, recebeu uma puni\u00e7\u00e3o financeira do Tribunal de Contas do Estado do Paran\u00e1 em maio deste ano.<\/p>\n<h2>Detalhes da penalidade aplicada pelo TCE-PR<\/h2>\n<p>A san\u00e7\u00e3o imposta ao profissional decorre de irregularidades apontadas em contratos p\u00fablicos firmados anteriormente.<\/p>\n<p>O valor da multa foi estipulado ap\u00f3s an\u00e1lise detalhada dos \u00f3rg\u00e3os fiscalizadores, que identificaram falhas em processos administrativos sob a responsabilidade do advogado.<\/p>\n<h2>Repercuss\u00e3o na campanha pol\u00edtica<\/h2>\n<p>A entrada de Gustavo Schemim da Matta na estrat\u00e9gia legal de Moro ocorre em um momento de intensa movimenta\u00e7\u00e3o pol\u00edtica no estado, gerando repercuss\u00e3o nos bastidores da disputa eleitoral.<\/p>\n<p>At\u00e9 o momento, os representantes da campanha mant\u00eam o respaldo ao novo integrante, enquanto os detalhes do processo no tribunal continuam sob observa\u00e7\u00e3o p\u00fablica.<\/p>\n<p>O epis\u00f3dio adiciona um elemento novo ao cen\u00e1rio pol\u00edtico paranaense, exigindo aten\u00e7\u00e3o redobrada das assessorias jur\u00eddicas e de comunica\u00e7\u00e3o dos envolvidos na corrida ao Pal\u00e1cio Igua\u00e7u.<\/p>\n<p>Por Reda\u00e7\u00e3o Acontece<\/p>\n<p>Cr\u00e9ditos da imagem: Divulga\u00e7\u00e3o<\/p>\n","protected":false},"excerpt":{"rendered":"<p>O mais recente refor\u00e7o do time jur\u00eddico da campanha de Sergio Moro para o governo paranaense, o advogado Gustavo Schemim da Matta, recebeu uma puni\u00e7\u00e3o financeira do Tribunal de Contas do Estado do Paran\u00e1 em maio deste ano. Detalhes da penalidade aplicada pelo TCE-PR A san\u00e7\u00e3o imposta ao profissional decorre de irregularidades apontadas em contratos [&hellip;]<\/p>\n","protected":false},"author":0,"featured_media":33767,"comment_status":"open","ping_status":"open","sticky":false,"template":"","format":"standard","meta":{"footnotes":""},"categories":[18],"tags":[],"class_list":["post-33760","post","type-post","status-publish","format-standard","has-post-thumbnail","hentry","category-parana"],"_links":{"self":[{"href":"https:\/\/acontecenafronteira.com.br\/index.php\/wp-json\/wp\/v2\/posts\/33760","targetHints":{"allow":["GET"]}}],"collection":[{"href":"https:\/\/acontecenafronteira.com.br\/index.php\/wp-json\/wp\/v2\/posts"}],"about":[{"href":"https:\/\/acontecenafronteira.com.br\/index.php\/wp-json\/wp\/v2\/types\/post"}],"replies":[{"embeddable":true,"href":"https:\/\/acontecenafronteira.com.br\/index.php\/wp-json\/wp\/v2\/comments?post=33760"}],"version-history":[{"count":1,"href":"https:\/\/acontecenafronteira.com.br\/index.php\/wp-json\/wp\/v2\/posts\/33760\/revisions"}],"predecessor-version":[{"id":33766,"href":"https:\/\/acontecenafronteira.com.br\/index.php\/wp-json\/wp\/v2\/posts\/33760\/revisions\/33766"}],"wp:featuredmedia":[{"embeddable":true,"href":"https:\/\/acontecenafronteira.com.br\/index.php\/wp-json\/wp\/v2\/media\/33767"}],"wp:attachment":[{"href":"https:\/\/acontecenafronteira.com.br\/index.php\/wp-json\/wp\/v2\/media?parent=33760"}],"wp:term":[{"taxonomy":"category","embeddable":true,"href":"https:\/\/acontecenafronteira.com.br\/index.php\/wp-json\/wp\/v2\/categories?post=33760"},{"taxonomy":"post_tag","embeddable":true,"href":"https:\/\/acontecenafronteira.com.br\/index.php\/wp-json\/wp\/v2\/tags?post=33760"}],"curies":[{"name":"wp","href":"https:\/\/api.w.org\/{rel}","templated":true}]}}