{"id":33759,"date":"2026-09-02T11:36:49","date_gmt":"2026-09-02T14:36:49","guid":{"rendered":"https:\/\/acontecenafronteira.com.br\/?p=33759"},"modified":"2026-09-02T11:36:49","modified_gmt":"2026-09-02T14:36:49","slug":"atlasintel-adia-divulgacao-de-pesquisa-eleitoral-no-parana","status":"publish","type":"post","link":"https:\/\/acontecenafronteira.com.br\/index.php\/2026\/09\/02\/atlasintel-adia-divulgacao-de-pesquisa-eleitoral-no-parana\/","title":{"rendered":"AtlasIntel adia divulga\u00e7\u00e3o de pesquisa eleitoral no Paran\u00e1"},"content":{"rendered":"<p>O renomado instituto AtlasIntel optou por postergar a publica\u00e7\u00e3o da pesquisa de inten\u00e7\u00e3o de voto voltada para o Governo do Paran\u00e1 e para as cadeiras em disputa no Senado Federal.<\/p>\n<h2>Mudan\u00e7a no cronograma oficial<\/h2>\n<p>A divulga\u00e7\u00e3o do levantamento estadual estava inicialmente agendada para o \u00faltimo dia 23 de agosto. Contudo, a diretoria respons\u00e1vel pela execu\u00e7\u00e3o do projeto determinou uma nova data para a apresenta\u00e7\u00e3o dos dados ao p\u00fablico.<\/p>\n<h2>Novos prazos estipulados<\/h2>\n<p>Conforme a nova programa\u00e7\u00e3o estabelecida pela empresa de estat\u00edstica e opini\u00e3o p\u00fablica, o material completo com os \u00edndices de prefer\u00eancia do eleitorado paranaense ser\u00e1 lan\u00e7ado oficialmente nesta quarta-feira, dia 27 de agosto.<\/p>\n<p>A sondagem \u00e9 considerada estrat\u00e9gica para o cen\u00e1rio pol\u00edtico local, pois mapeia o panorama atual das prefer\u00eancias populares tanto para o comando do Pal\u00e1cio Igua\u00e7u quanto para os representantes que ocupar\u00e3o as vagas paranaenses no Congresso Nacional.<\/p>\n<p>A expectativa entre analistas pol\u00edticos e eleitores \u00e9 grande, visto que o instituto utiliza metodologias digitais inovadoras para capturar as tend\u00eancias do eleitorado de forma \u00e1gil e precisa.<\/p>\n<p>Por Reda\u00e7\u00e3o Acontece<\/p>\n<p>Cr\u00e9ditos da imagem: Divulga\u00e7\u00e3o\/AtlasIntel<\/p>\n","protected":false},"excerpt":{"rendered":"<p>O renomado instituto AtlasIntel optou por postergar a publica\u00e7\u00e3o da pesquisa de inten\u00e7\u00e3o de voto voltada para o Governo do Paran\u00e1 e para as cadeiras em disputa no Senado Federal. Mudan\u00e7a no cronograma oficial A divulga\u00e7\u00e3o do levantamento estadual estava inicialmente agendada para o \u00faltimo dia 23 de agosto. Contudo, a diretoria respons\u00e1vel pela execu\u00e7\u00e3o [&hellip;]<\/p>\n","protected":false},"author":0,"featured_media":33765,"comment_status":"open","ping_status":"open","sticky":false,"template":"","format":"standard","meta":{"footnotes":""},"categories":[18],"tags":[],"class_list":["post-33759","post","type-post","status-publish","format-standard","has-post-thumbnail","hentry","category-parana"],"_links":{"self":[{"href":"https:\/\/acontecenafronteira.com.br\/index.php\/wp-json\/wp\/v2\/posts\/33759","targetHints":{"allow":["GET"]}}],"collection":[{"href":"https:\/\/acontecenafronteira.com.br\/index.php\/wp-json\/wp\/v2\/posts"}],"about":[{"href":"https:\/\/acontecenafronteira.com.br\/index.php\/wp-json\/wp\/v2\/types\/post"}],"replies":[{"embeddable":true,"href":"https:\/\/acontecenafronteira.com.br\/index.php\/wp-json\/wp\/v2\/comments?post=33759"}],"version-history":[{"count":1,"href":"https:\/\/acontecenafronteira.com.br\/index.php\/wp-json\/wp\/v2\/posts\/33759\/revisions"}],"predecessor-version":[{"id":33764,"href":"https:\/\/acontecenafronteira.com.br\/index.php\/wp-json\/wp\/v2\/posts\/33759\/revisions\/33764"}],"wp:featuredmedia":[{"embeddable":true,"href":"https:\/\/acontecenafronteira.com.br\/index.php\/wp-json\/wp\/v2\/media\/33765"}],"wp:attachment":[{"href":"https:\/\/acontecenafronteira.com.br\/index.php\/wp-json\/wp\/v2\/media?parent=33759"}],"wp:term":[{"taxonomy":"category","embeddable":true,"href":"https:\/\/acontecenafronteira.com.br\/index.php\/wp-json\/wp\/v2\/categories?post=33759"},{"taxonomy":"post_tag","embeddable":true,"href":"https:\/\/acontecenafronteira.com.br\/index.php\/wp-json\/wp\/v2\/tags?post=33759"}],"curies":[{"name":"wp","href":"https:\/\/api.w.org\/{rel}","templated":true}]}}