{"id":33758,"date":"2026-09-02T11:36:27","date_gmt":"2026-09-02T14:36:27","guid":{"rendered":"https:\/\/acontecenafronteira.com.br\/?p=33758"},"modified":"2026-09-02T11:36:27","modified_gmt":"2026-09-02T14:36:27","slug":"pesquisa-quaest-lula-lidera-eleicao-e-cury-surpreende","status":"publish","type":"post","link":"https:\/\/acontecenafronteira.com.br\/index.php\/2026\/09\/02\/pesquisa-quaest-lula-lidera-eleicao-e-cury-surpreende\/","title":{"rendered":"Pesquisa Quaest: Lula lidera elei\u00e7\u00e3o e Cury surpreende"},"content":{"rendered":"<p>O atual presidente Luiz In\u00e1cio Lula da Silva (PT) aparece na lideran\u00e7a da corrida presidencial, registrando 37% das inten\u00e7\u00f5es de voto em levantamento recente divulgado pelo instituto Quaest.<\/p>\n<h2>Cen\u00e1rio da disputa presidencial<\/h2>\n<p>O levantamento detalha os principais nomes que polarizam a prefer\u00eancia do eleitorado brasileiro neste momento pr\u00e9-eleitoral. Logo atr\u00e1s do atual mandat\u00e1rio, o senador Fl\u00e1vio Bolsonaro (PL) ocupa a segunda posi\u00e7\u00e3o na prefer\u00eancia dos entrevistados.<\/p>\n<p>O parlamentar contabiliza 29% das inten\u00e7\u00f5es de voto, consolidando-se como o principal oponente na sondagem realizada pelo instituto de pesquisas.<\/p>\n<h2>A surpresa do pleito<\/h2>\n<p>Um dos destaques do levantamento da Quaest ficou por conta do escritor e psiquiatra Augusto Cury, que alcan\u00e7ou a marca de 10% das inten\u00e7\u00f5es de voto.<\/p>\n<p>A pontua\u00e7\u00e3o expressiva do novo nome na pol\u00edtica chamou a aten\u00e7\u00e3o dos analistas e movimentou os bastidores da disputa pelo Pal\u00e1cio do Planalto.<\/p>\n<p>A margem de erro e o total de indecisos ou votos brancos e nulos completam o panorama estat\u00edstico da pesquisa, que mede o term\u00f4metro pol\u00edtico nacional para o pr\u00f3ximo pleito.<\/p>\n<p>Por Reda\u00e7\u00e3o Acontece<\/p>\n<p>Cr\u00e9ditos da imagem: Reprodu\u00e7\u00e3o \/ Quaest<\/p>\n","protected":false},"excerpt":{"rendered":"<p>O atual presidente Luiz In\u00e1cio Lula da Silva (PT) aparece na lideran\u00e7a da corrida presidencial, registrando 37% das inten\u00e7\u00f5es de voto em levantamento recente divulgado pelo instituto Quaest. Cen\u00e1rio da disputa presidencial O levantamento detalha os principais nomes que polarizam a prefer\u00eancia do eleitorado brasileiro neste momento pr\u00e9-eleitoral. Logo atr\u00e1s do atual mandat\u00e1rio, o senador [&hellip;]<\/p>\n","protected":false},"author":0,"featured_media":33763,"comment_status":"open","ping_status":"open","sticky":false,"template":"","format":"standard","meta":{"footnotes":""},"categories":[18],"tags":[],"class_list":["post-33758","post","type-post","status-publish","format-standard","has-post-thumbnail","hentry","category-parana"],"_links":{"self":[{"href":"https:\/\/acontecenafronteira.com.br\/index.php\/wp-json\/wp\/v2\/posts\/33758","targetHints":{"allow":["GET"]}}],"collection":[{"href":"https:\/\/acontecenafronteira.com.br\/index.php\/wp-json\/wp\/v2\/posts"}],"about":[{"href":"https:\/\/acontecenafronteira.com.br\/index.php\/wp-json\/wp\/v2\/types\/post"}],"replies":[{"embeddable":true,"href":"https:\/\/acontecenafronteira.com.br\/index.php\/wp-json\/wp\/v2\/comments?post=33758"}],"version-history":[{"count":1,"href":"https:\/\/acontecenafronteira.com.br\/index.php\/wp-json\/wp\/v2\/posts\/33758\/revisions"}],"predecessor-version":[{"id":33762,"href":"https:\/\/acontecenafronteira.com.br\/index.php\/wp-json\/wp\/v2\/posts\/33758\/revisions\/33762"}],"wp:featuredmedia":[{"embeddable":true,"href":"https:\/\/acontecenafronteira.com.br\/index.php\/wp-json\/wp\/v2\/media\/33763"}],"wp:attachment":[{"href":"https:\/\/acontecenafronteira.com.br\/index.php\/wp-json\/wp\/v2\/media?parent=33758"}],"wp:term":[{"taxonomy":"category","embeddable":true,"href":"https:\/\/acontecenafronteira.com.br\/index.php\/wp-json\/wp\/v2\/categories?post=33758"},{"taxonomy":"post_tag","embeddable":true,"href":"https:\/\/acontecenafronteira.com.br\/index.php\/wp-json\/wp\/v2\/tags?post=33758"}],"curies":[{"name":"wp","href":"https:\/\/api.w.org\/{rel}","templated":true}]}}