{"id":33751,"date":"2026-09-02T11:36:19","date_gmt":"2026-09-02T14:36:19","guid":{"rendered":"https:\/\/acontecenafronteira.com.br\/?p=33751"},"modified":"2026-09-02T11:36:19","modified_gmt":"2026-09-02T14:36:19","slug":"oktoberfest-em-porto-alegre-tera-edicao-recorde-no-centro","status":"publish","type":"post","link":"https:\/\/acontecenafronteira.com.br\/index.php\/2026\/09\/02\/oktoberfest-em-porto-alegre-tera-edicao-recorde-no-centro\/","title":{"rendered":"Oktoberfest em Porto Alegre ter\u00e1 edi\u00e7\u00e3o recorde no Centro"},"content":{"rendered":"<p>A capital ga\u00facha se prepara para receber a segunda edi\u00e7\u00e3o da Oktoberfest Oficial, marcada para o dia 10 de outubro, um s\u00e1bado. Com 12 horas de atra\u00e7\u00f5es totalmente gratuitas, o festival pretende transformar o Centro Hist\u00f3rico da cidade em um polo de celebra\u00e7\u00e3o da heran\u00e7a germ\u00e2nica, unindo entretenimento e incentivo \u00e0 economia local.<\/p>\n<h2>Amplia\u00e7\u00e3o do evento e expectativa de p\u00fablico<\/h2>\n<p>Ap\u00f3s atrair 25 mil pessoas na edi\u00e7\u00e3o passada, a organiza\u00e7\u00e3o projeta dobrar o n\u00famero de participantes neste ano. A festividade vai tomar conta de toda a Rua Sete de Setembro e se estender por outras vias importantes, estimulando o p\u00fablico a caminhar pelo cora\u00e7\u00e3o da capital e conhecer marcos hist\u00f3ricos.<\/p>\n<h2>Programa\u00e7\u00e3o musical diversificada<\/h2>\n<p>As tradicionais bandinhas alem\u00e3s garantem a atmosfera aut\u00eantica com apresenta\u00e7\u00f5es da Banda T\u00edpica Tannenwald, Canec\u00e3o do Vale, Triozinho Alles Blau, Quebra Galho e Banda Castelus. Al\u00e9m disso, a grade art\u00edstica mescla ritmos com rodas de samba e o show principal da banda de rock Cachorro Grande, muito querida pelos porto-alegrenses.<\/p>\n<h2>Novidades estruturais e experi\u00eancias<\/h2>\n<p>Entre os destaques da programa\u00e7\u00e3o est\u00e1 o Pavilh\u00e3o Germ\u00e2nico, montado na Rua Sete de Setembro, pr\u00f3ximo \u00e0 Pra\u00e7a da Alf\u00e2ndega. O local funcionar\u00e1 como ponto de encontro familiar, oferecendo dan\u00e7as t\u00edpicas, Jogos Germ\u00e2nicos, atra\u00e7\u00f5es interativas e comercializa\u00e7\u00e3o de souvenirs oficiais do festival.<\/p>\n<h2>Gastronomia e valoriza\u00e7\u00e3o do com\u00e9rcio<\/h2>\n<p>A pra\u00e7a de alimenta\u00e7\u00e3o tradicional dar\u00e1 lugar aos estabelecimentos j\u00e1 existentes na Rua dos Andradas. Os bares e restaurantes da regi\u00e3o ser\u00e3o decorados e servir\u00e3o pratos tem\u00e1ticos da culin\u00e1ria alem\u00e3, impulsionando os neg\u00f3cios locais. J\u00e1 a Feira de Cerveja Artesanal contar\u00e1 com 150 torneiras de chopp, celebrando a produ\u00e7\u00e3o das cervejarias da regi\u00e3o.<\/p>\n<h2>Desfile tem\u00e1tico pelas ruas centrais<\/h2>\n<p>Um dos pontos altos do evento ser\u00e1 o Desfile Tem\u00e1tico Alem\u00e3o, que reunir\u00e1 mais de 200 pessoas com trajes t\u00edpicos. O cortejo come\u00e7a na parte inferior do Viaduto Ot\u00e1vio Rocha \u2014 recentemente revitalizado \u2014 e segue em dire\u00e7\u00e3o \u00e0 Casa de Cultura M\u00e1rio Quintana, passando por pontos como o Mercado P\u00fablico e o Pa\u00e7o Municipal, com a participa\u00e7\u00e3o de grupos de dan\u00e7a e cortes de v\u00e1rias cidades do interior.<\/p>\n<p>O festival \u00e9 realizado pelos hubs POA Centro e Quarto POA, em parceria com o Instituto Todo Lugar, e conta com o suporte institucional da Prefeitura Municipal por meio do Programa Centro+. A iniciativa busca consolidar a regi\u00e3o como um ponto de refer\u00eancia cultural e gastron\u00f4mico, movimentando a economia da capital.<\/p>\n<p>Por Reda\u00e7\u00e3o Acontece<\/p>\n<p>Divulga\u00e7\u00e3o \/ Oktoberfest POA<\/p>\n","protected":false},"excerpt":{"rendered":"<p>A capital ga\u00facha se prepara para receber a segunda edi\u00e7\u00e3o da Oktoberfest Oficial, marcada para o dia 10 de outubro, um s\u00e1bado. Com 12 horas de atra\u00e7\u00f5es totalmente gratuitas, o festival pretende transformar o Centro Hist\u00f3rico da cidade em um polo de celebra\u00e7\u00e3o da heran\u00e7a germ\u00e2nica, unindo entretenimento e incentivo \u00e0 economia local. Amplia\u00e7\u00e3o do [&hellip;]<\/p>\n","protected":false},"author":0,"featured_media":33756,"comment_status":"open","ping_status":"open","sticky":false,"template":"","format":"standard","meta":{"footnotes":""},"categories":[18],"tags":[],"class_list":["post-33751","post","type-post","status-publish","format-standard","has-post-thumbnail","hentry","category-parana"],"_links":{"self":[{"href":"https:\/\/acontecenafronteira.com.br\/index.php\/wp-json\/wp\/v2\/posts\/33751","targetHints":{"allow":["GET"]}}],"collection":[{"href":"https:\/\/acontecenafronteira.com.br\/index.php\/wp-json\/wp\/v2\/posts"}],"about":[{"href":"https:\/\/acontecenafronteira.com.br\/index.php\/wp-json\/wp\/v2\/types\/post"}],"replies":[{"embeddable":true,"href":"https:\/\/acontecenafronteira.com.br\/index.php\/wp-json\/wp\/v2\/comments?post=33751"}],"version-history":[{"count":1,"href":"https:\/\/acontecenafronteira.com.br\/index.php\/wp-json\/wp\/v2\/posts\/33751\/revisions"}],"predecessor-version":[{"id":33755,"href":"https:\/\/acontecenafronteira.com.br\/index.php\/wp-json\/wp\/v2\/posts\/33751\/revisions\/33755"}],"wp:featuredmedia":[{"embeddable":true,"href":"https:\/\/acontecenafronteira.com.br\/index.php\/wp-json\/wp\/v2\/media\/33756"}],"wp:attachment":[{"href":"https:\/\/acontecenafronteira.com.br\/index.php\/wp-json\/wp\/v2\/media?parent=33751"}],"wp:term":[{"taxonomy":"category","embeddable":true,"href":"https:\/\/acontecenafronteira.com.br\/index.php\/wp-json\/wp\/v2\/categories?post=33751"},{"taxonomy":"post_tag","embeddable":true,"href":"https:\/\/acontecenafronteira.com.br\/index.php\/wp-json\/wp\/v2\/tags?post=33751"}],"curies":[{"name":"wp","href":"https:\/\/api.w.org\/{rel}","templated":true}]}}