{"id":3375,"date":"2021-12-05T11:18:39","date_gmt":"2021-12-05T14:18:39","guid":{"rendered":"https:\/\/acontecenafronteira.com.br\/?p=3375"},"modified":"2021-12-05T11:18:39","modified_gmt":"2021-12-05T14:18:39","slug":"prefeito-lamenta-morte-do-diretor-geral-da-rede-costa-oeste-de-comunicacao","status":"publish","type":"post","link":"https:\/\/acontecenafronteira.com.br\/index.php\/2021\/12\/05\/prefeito-lamenta-morte-do-diretor-geral-da-rede-costa-oeste-de-comunicacao\/","title":{"rendered":"Prefeito lamenta morte do diretor-geral da Rede Costa Oeste de Comunica\u00e7\u00e3o"},"content":{"rendered":"\n<p>O prefeito de Foz do Igua\u00e7u, Chico Brasileiro, lamentou a morte do diretor-geral da Rede Costa Oeste de Comunica\u00e7\u00e3o, Moacir Jos\u00e9 Hanzen, aos 56 anos de idade. O empres\u00e1rio estava em Toledo na noite de s\u00e1bado (4) quando sentiu um mal estar e n\u00e3o resistiu.<\/p>\n\n\n\n<p>&#8220;Uma perda lament\u00e1vel para todos n\u00f3s que o conhec\u00edamos. Um grande amigo, um comunicador e gestor de excel\u00eancia&#8221;, disse Chico Brasileiro. &#8220;Meus sentimentos \u00e0 fam\u00edlia da R\u00e1dio Cullltura e equipes que integram a Rede Costa Oeste de comunica\u00e7\u00e3o&#8221;, completou.<\/p>\n\n\n\n<p>O corpo do empres\u00e1rio est\u00e1 sendo velado no Clube Uni\u00e3o em Medianeira e o sepultamento est\u00e1 previsto para \u00e0s 18h no Cemit\u00e9rio Municipal. Moacir Hanzen deixa a esposa, tr\u00eas filhos e uma neta.<\/p>\n\n\n\n<p>O empres\u00e1rio era apaixonado por r\u00e1dio e desde jovem come\u00e7ou a trabalhar na comunica\u00e7\u00e3o. Ele gerenciava atualmente, junto com seus s\u00f3cios, cinco emissoras &#8211; R\u00e1dio Costa Oeste 106,5 FM em S\u00e3o Miguel do Igua\u00e7u, R\u00e1dio Independ\u00eancia 92,7 FM de Medianeira, Costa Oeste 93,3 FM em Santa Helena, Costa Oeste Gua\u00edra 89,7 FM e Cultura AM 820 de Foz do Igua\u00e7u.<\/p>\n\n\n\n<p>No s\u00e1bado pela manh\u00e3, Moacir celebrou os 43 anos da R\u00e1dio Independ\u00eancia 92,7 FM, juntamente com colaboradores, amigos e parceiros. Na ocasi\u00e3o inaugurou o moderno est\u00fadio \u2013 um sonho realizado. Ele fazia parte da diretoria da Associa\u00e7\u00e3o das Emissoras de Radiodifus\u00e3o do Paran\u00e1 (Aerp) para a gest\u00e3o 2022-2024 como Diretor Regional Oeste.<\/p>\n\n\n\n<p><\/p>\n","protected":false},"excerpt":{"rendered":"<p>O prefeito de Foz do Igua\u00e7u, Chico Brasileiro, lamentou a morte do diretor-geral da Rede Costa Oeste de Comunica\u00e7\u00e3o, Moacir Jos\u00e9 Hanzen, aos 56 anos de idade. O empres\u00e1rio estava em Toledo na noite de s\u00e1bado (4) quando sentiu um mal estar e n\u00e3o resistiu. &#8220;Uma perda lament\u00e1vel para todos n\u00f3s que o conhec\u00edamos. Um [&hellip;]<\/p>\n","protected":false},"author":2,"featured_media":3376,"comment_status":"open","ping_status":"open","sticky":false,"template":"","format":"standard","meta":{"om_disable_all_campaigns":false,"_monsterinsights_skip_tracking":false,"_monsterinsights_sitenote_active":false,"_monsterinsights_sitenote_note":"","_monsterinsights_sitenote_category":0,"footnotes":""},"categories":[4],"tags":[],"class_list":["post-3375","post","type-post","status-publish","format-standard","has-post-thumbnail","hentry","category-cidade"],"_links":{"self":[{"href":"https:\/\/acontecenafronteira.com.br\/index.php\/wp-json\/wp\/v2\/posts\/3375","targetHints":{"allow":["GET"]}}],"collection":[{"href":"https:\/\/acontecenafronteira.com.br\/index.php\/wp-json\/wp\/v2\/posts"}],"about":[{"href":"https:\/\/acontecenafronteira.com.br\/index.php\/wp-json\/wp\/v2\/types\/post"}],"author":[{"embeddable":true,"href":"https:\/\/acontecenafronteira.com.br\/index.php\/wp-json\/wp\/v2\/users\/2"}],"replies":[{"embeddable":true,"href":"https:\/\/acontecenafronteira.com.br\/index.php\/wp-json\/wp\/v2\/comments?post=3375"}],"version-history":[{"count":1,"href":"https:\/\/acontecenafronteira.com.br\/index.php\/wp-json\/wp\/v2\/posts\/3375\/revisions"}],"predecessor-version":[{"id":3377,"href":"https:\/\/acontecenafronteira.com.br\/index.php\/wp-json\/wp\/v2\/posts\/3375\/revisions\/3377"}],"wp:featuredmedia":[{"embeddable":true,"href":"https:\/\/acontecenafronteira.com.br\/index.php\/wp-json\/wp\/v2\/media\/3376"}],"wp:attachment":[{"href":"https:\/\/acontecenafronteira.com.br\/index.php\/wp-json\/wp\/v2\/media?parent=3375"}],"wp:term":[{"taxonomy":"category","embeddable":true,"href":"https:\/\/acontecenafronteira.com.br\/index.php\/wp-json\/wp\/v2\/categories?post=3375"},{"taxonomy":"post_tag","embeddable":true,"href":"https:\/\/acontecenafronteira.com.br\/index.php\/wp-json\/wp\/v2\/tags?post=3375"}],"curies":[{"name":"wp","href":"https:\/\/api.w.org\/{rel}","templated":true}]}}