{"id":33739,"date":"2026-09-02T10:37:34","date_gmt":"2026-09-02T13:37:34","guid":{"rendered":"https:\/\/acontecenafronteira.com.br\/?p=33739"},"modified":"2026-09-02T10:37:34","modified_gmt":"2026-09-02T13:37:34","slug":"senado-aprova-rodrigo-pacheco-para-ministro-do-tcu","status":"publish","type":"post","link":"https:\/\/acontecenafronteira.com.br\/index.php\/2026\/09\/02\/senado-aprova-rodrigo-pacheco-para-ministro-do-tcu\/","title":{"rendered":"Senado aprova Rodrigo Pacheco para ministro do TCU"},"content":{"rendered":"<p>O plen\u00e1rio do Senado Federal aprovou nesta ter\u00e7a-feira (1\u00ba) a indica\u00e7\u00e3o do senador Rodrigo Pacheco (PSB-MG) para o cargo de ministro do Tribunal de Contas da Uni\u00e3o (TCU).<\/p>\n<h2>Trajet\u00f3ria e vota\u00e7\u00e3o no Senado<\/h2>\n<p>A escolha do parlamentar mineiro para a corte de contas ocorreu ap\u00f3s articula\u00e7\u00f5es pol\u00edticas e passou pelo crivo dos parlamentares em sess\u00e3o realizada nesta ter\u00e7a-feira.<\/p>\n<h2>Impacto na composi\u00e7\u00e3o pol\u00edtica<\/h2>\n<p>Com a ida de Pacheco para o TCU, abre-se uma nova din\u00e2mica na composi\u00e7\u00e3o de for\u00e7as pol\u00edticas no Congresso Nacional, alterando o cen\u00e1rio legislativo atual.<\/p>\n<p>O novo ministro assumir\u00e1 suas fun\u00e7\u00f5es na corte respons\u00e1vel por fiscalizar a aplica\u00e7\u00e3o dos recursos p\u00fablicos federais, encerrando seu ciclo de atua\u00e7\u00e3o direta no parlamento.<\/p>\n<p>As etapas seguintes envolvem a oficializa\u00e7\u00e3o da posse e a defini\u00e7\u00e3o dos tr\u00e2mites administrativos necess\u00e1rios para a transi\u00e7\u00e3o definitiva do senador para o tribunal.<\/p>\n<p>A movimenta\u00e7\u00e3o coroa um momento de transi\u00e7\u00e3o importante na carreira do pol\u00edtico mineiro, que agora passa a integrar um dos \u00f3rg\u00e3os de maior relev\u00e2ncia institucional do pa\u00eds.<\/p>\n<p>Por Reda\u00e7\u00e3o Acontece<\/p>\n<p>Cr\u00e9ditos da imagem: Ag\u00eancia Senado<\/p>\n","protected":false},"excerpt":{"rendered":"<p>O plen\u00e1rio do Senado Federal aprovou nesta ter\u00e7a-feira (1\u00ba) a indica\u00e7\u00e3o do senador Rodrigo Pacheco (PSB-MG) para o cargo de ministro do Tribunal de Contas da Uni\u00e3o (TCU). Trajet\u00f3ria e vota\u00e7\u00e3o no Senado A escolha do parlamentar mineiro para a corte de contas ocorreu ap\u00f3s articula\u00e7\u00f5es pol\u00edticas e passou pelo crivo dos parlamentares em sess\u00e3o [&hellip;]<\/p>\n","protected":false},"author":0,"featured_media":33745,"comment_status":"open","ping_status":"open","sticky":false,"template":"","format":"standard","meta":{"footnotes":""},"categories":[18],"tags":[],"class_list":["post-33739","post","type-post","status-publish","format-standard","has-post-thumbnail","hentry","category-parana"],"_links":{"self":[{"href":"https:\/\/acontecenafronteira.com.br\/index.php\/wp-json\/wp\/v2\/posts\/33739","targetHints":{"allow":["GET"]}}],"collection":[{"href":"https:\/\/acontecenafronteira.com.br\/index.php\/wp-json\/wp\/v2\/posts"}],"about":[{"href":"https:\/\/acontecenafronteira.com.br\/index.php\/wp-json\/wp\/v2\/types\/post"}],"replies":[{"embeddable":true,"href":"https:\/\/acontecenafronteira.com.br\/index.php\/wp-json\/wp\/v2\/comments?post=33739"}],"version-history":[{"count":1,"href":"https:\/\/acontecenafronteira.com.br\/index.php\/wp-json\/wp\/v2\/posts\/33739\/revisions"}],"predecessor-version":[{"id":33744,"href":"https:\/\/acontecenafronteira.com.br\/index.php\/wp-json\/wp\/v2\/posts\/33739\/revisions\/33744"}],"wp:featuredmedia":[{"embeddable":true,"href":"https:\/\/acontecenafronteira.com.br\/index.php\/wp-json\/wp\/v2\/media\/33745"}],"wp:attachment":[{"href":"https:\/\/acontecenafronteira.com.br\/index.php\/wp-json\/wp\/v2\/media?parent=33739"}],"wp:term":[{"taxonomy":"category","embeddable":true,"href":"https:\/\/acontecenafronteira.com.br\/index.php\/wp-json\/wp\/v2\/categories?post=33739"},{"taxonomy":"post_tag","embeddable":true,"href":"https:\/\/acontecenafronteira.com.br\/index.php\/wp-json\/wp\/v2\/tags?post=33739"}],"curies":[{"name":"wp","href":"https:\/\/api.w.org\/{rel}","templated":true}]}}