{"id":33738,"date":"2026-09-02T10:37:24","date_gmt":"2026-09-02T13:37:24","guid":{"rendered":"https:\/\/acontecenafronteira.com.br\/?p=33738"},"modified":"2026-09-02T10:37:24","modified_gmt":"2026-09-02T13:37:24","slug":"caiado-promete-ratinho-junior-como-ministro-em-eventual-governo","status":"publish","type":"post","link":"https:\/\/acontecenafronteira.com.br\/index.php\/2026\/09\/02\/caiado-promete-ratinho-junior-como-ministro-em-eventual-governo\/","title":{"rendered":"Caiado promete Ratinho Junior como ministro em eventual governo"},"content":{"rendered":"<p>O postulante do PSD ao Pal\u00e1cio do Planalto, <b>Ronaldo Caiado<\/b>, declarou nesta ter\u00e7a-feira (1\u00ba) a sua inten\u00e7\u00e3o de nomear o governador paranaense, <b>Ratinho Junior<\/b>, para uma pasta ministerial caso triunfe no pleito presidencial.<\/p>\n<h2>A estrat\u00e9gia pol\u00edtica do PSD<\/h2>\n<p>A revela\u00e7\u00e3o ocorreu durante sabatina realizada pelo portal UOL e pela Folha de S.Paulo. Na ocasi\u00e3o, o pol\u00edtico goiano destacou a import\u00e2ncia de contar com gestores experientes e com forte articula\u00e7\u00e3o regional em sua futura equipe de governo.<\/p>\n<p>Segundo o plano tra\u00e7ado pelo candidato, a alian\u00e7a com lideran\u00e7as estaduais consolidadas \u00e9 fundamental para garantir a governabilidade e a execu\u00e7\u00e3o eficiente de pol\u00edticas p\u00fablicas em \u00e2mbito nacional.<\/p>\n<h2>Perfil e alian\u00e7as para o Planalto<\/h2>\n<p>Ratinho Junior tem se destacado no cen\u00e1rio nacional pelos \u00edndices de aprova\u00e7\u00e3o de sua gest\u00e3o no estado do Sul do pa\u00eds, tornando-se um nome estrat\u00e9gico para composi\u00e7\u00f5es pol\u00edticas de alcance federal.<\/p>\n<p>A movimenta\u00e7\u00e3o de Caiado busca fortalecer sua base de apoio fora de seu reduto eleitoral tradicional, sinalizando ao mercado e aos partidos aliados a composi\u00e7\u00e3o de um governo t\u00e9cnico e pol\u00edtico.<\/p>\n<p>As articula\u00e7\u00f5es em torno da chapa e dos futuros ocupantes da Esplanada dos Minist\u00e9rios devem se intensificar \u00e0 medida que o calend\u00e1rio eleitoral avan\u00e7a e o debate nacional ganha novos contornos.<\/p>\n<p>Por Reda\u00e7\u00e3o Acontece<\/p>\n<p>Cr\u00e9ditos da imagem: Divulga\u00e7\u00e3o\/PSD<\/p>\n","protected":false},"excerpt":{"rendered":"<p>O postulante do PSD ao Pal\u00e1cio do Planalto, Ronaldo Caiado, declarou nesta ter\u00e7a-feira (1\u00ba) a sua inten\u00e7\u00e3o de nomear o governador paranaense, Ratinho Junior, para uma pasta ministerial caso triunfe no pleito presidencial. A estrat\u00e9gia pol\u00edtica do PSD A revela\u00e7\u00e3o ocorreu durante sabatina realizada pelo portal UOL e pela Folha de S.Paulo. Na ocasi\u00e3o, o [&hellip;]<\/p>\n","protected":false},"author":0,"featured_media":33743,"comment_status":"open","ping_status":"open","sticky":false,"template":"","format":"standard","meta":{"footnotes":""},"categories":[18],"tags":[],"class_list":["post-33738","post","type-post","status-publish","format-standard","has-post-thumbnail","hentry","category-parana"],"_links":{"self":[{"href":"https:\/\/acontecenafronteira.com.br\/index.php\/wp-json\/wp\/v2\/posts\/33738","targetHints":{"allow":["GET"]}}],"collection":[{"href":"https:\/\/acontecenafronteira.com.br\/index.php\/wp-json\/wp\/v2\/posts"}],"about":[{"href":"https:\/\/acontecenafronteira.com.br\/index.php\/wp-json\/wp\/v2\/types\/post"}],"replies":[{"embeddable":true,"href":"https:\/\/acontecenafronteira.com.br\/index.php\/wp-json\/wp\/v2\/comments?post=33738"}],"version-history":[{"count":1,"href":"https:\/\/acontecenafronteira.com.br\/index.php\/wp-json\/wp\/v2\/posts\/33738\/revisions"}],"predecessor-version":[{"id":33742,"href":"https:\/\/acontecenafronteira.com.br\/index.php\/wp-json\/wp\/v2\/posts\/33738\/revisions\/33742"}],"wp:featuredmedia":[{"embeddable":true,"href":"https:\/\/acontecenafronteira.com.br\/index.php\/wp-json\/wp\/v2\/media\/33743"}],"wp:attachment":[{"href":"https:\/\/acontecenafronteira.com.br\/index.php\/wp-json\/wp\/v2\/media?parent=33738"}],"wp:term":[{"taxonomy":"category","embeddable":true,"href":"https:\/\/acontecenafronteira.com.br\/index.php\/wp-json\/wp\/v2\/categories?post=33738"},{"taxonomy":"post_tag","embeddable":true,"href":"https:\/\/acontecenafronteira.com.br\/index.php\/wp-json\/wp\/v2\/tags?post=33738"}],"curies":[{"name":"wp","href":"https:\/\/api.w.org\/{rel}","templated":true}]}}