{"id":33732,"date":"2026-09-02T10:37:20","date_gmt":"2026-09-02T13:37:20","guid":{"rendered":"https:\/\/acontecenafronteira.com.br\/?p=33732"},"modified":"2026-09-02T10:37:20","modified_gmt":"2026-09-02T13:37:20","slug":"shopping-total-aposta-em-live-shop-e-descontos-na-loucura-total","status":"publish","type":"post","link":"https:\/\/acontecenafronteira.com.br\/index.php\/2026\/09\/02\/shopping-total-aposta-em-live-shop-e-descontos-na-loucura-total\/","title":{"rendered":"Shopping TOTAL aposta em Live Shop e descontos na Loucura TOTAL"},"content":{"rendered":"<p>O Shopping TOTAL se prepara para movimentar o varejo com mais uma edi\u00e7\u00e3o da campanha Loucura TOTAL, marcada para acontecer entre os dias 3 e 6 de setembro, com possibilidade de prorroga\u00e7\u00e3o at\u00e9 o feriado de 7 de setembro, conforme a escolha de cada lojista. A iniciativa envolve mais de 300 opera\u00e7\u00f5es do centro de compras, oferecendo condi\u00e7\u00f5es diferenciadas para o p\u00fablico.<\/p>\n<p>H2 Inova\u00e7\u00e3o com transmiss\u00e3o ao vivo<\/p>\n<p>H3 Vitrine digital antecede o evento presencial<\/p>\n<p>A grande novidade deste ano ocorre antes mesmo da abertura oficial das portas para a liquida\u00e7\u00e3o. No dia 2 de setembro, o empreendimento promove a Live Shop Loucura TOTAL, estrat\u00e9gia voltada a destacar marcas, mercadorias e descontos de forma virtual.<\/p>\n<p>H2 Como vai funcionar a programa\u00e7\u00e3o digital<\/p>\n<p>H3 Hor\u00e1rios e participa\u00e7\u00e3o dos lojistas no Instagram<\/p>\n<p>A transmiss\u00e3o tem in\u00edcio marcado para as 19h no perfil oficial da rede social @totalshopping. Durante a live, diversos comerciantes ter\u00e3o espa\u00e7o para expor lan\u00e7amentos e pre\u00e7os promocionais preparadas especialmente para a data. A proposta central \u00e9 estreitar o v\u00ednculo entre os consumidores e as marcas participantes, permitindo um planejamento pr\u00e9vio das compras que estar\u00e3o dispon\u00edveis durante o evento f\u00edsico.<\/p>\n<p>O evento refor\u00e7a o compromisso do centro de compras em aquecer as vendas e proporcionar momentos vantajosos para quem busca economia e variedade.<\/p>\n<p>Por Reda\u00e7\u00e3o Acontece<\/p>\n<p>Cr\u00e9ditos da imagem: Divulga\u00e7\u00e3o\/Shopping TOTAL<\/p>\n","protected":false},"excerpt":{"rendered":"<p>O Shopping TOTAL se prepara para movimentar o varejo com mais uma edi\u00e7\u00e3o da campanha Loucura TOTAL, marcada para acontecer entre os dias 3 e 6 de setembro, com possibilidade de prorroga\u00e7\u00e3o at\u00e9 o feriado de 7 de setembro, conforme a escolha de cada lojista. A iniciativa envolve mais de 300 opera\u00e7\u00f5es do centro de [&hellip;]<\/p>\n","protected":false},"author":0,"featured_media":33737,"comment_status":"open","ping_status":"open","sticky":false,"template":"","format":"standard","meta":{"footnotes":""},"categories":[18],"tags":[],"class_list":["post-33732","post","type-post","status-publish","format-standard","has-post-thumbnail","hentry","category-parana"],"_links":{"self":[{"href":"https:\/\/acontecenafronteira.com.br\/index.php\/wp-json\/wp\/v2\/posts\/33732","targetHints":{"allow":["GET"]}}],"collection":[{"href":"https:\/\/acontecenafronteira.com.br\/index.php\/wp-json\/wp\/v2\/posts"}],"about":[{"href":"https:\/\/acontecenafronteira.com.br\/index.php\/wp-json\/wp\/v2\/types\/post"}],"replies":[{"embeddable":true,"href":"https:\/\/acontecenafronteira.com.br\/index.php\/wp-json\/wp\/v2\/comments?post=33732"}],"version-history":[{"count":1,"href":"https:\/\/acontecenafronteira.com.br\/index.php\/wp-json\/wp\/v2\/posts\/33732\/revisions"}],"predecessor-version":[{"id":33736,"href":"https:\/\/acontecenafronteira.com.br\/index.php\/wp-json\/wp\/v2\/posts\/33732\/revisions\/33736"}],"wp:featuredmedia":[{"embeddable":true,"href":"https:\/\/acontecenafronteira.com.br\/index.php\/wp-json\/wp\/v2\/media\/33737"}],"wp:attachment":[{"href":"https:\/\/acontecenafronteira.com.br\/index.php\/wp-json\/wp\/v2\/media?parent=33732"}],"wp:term":[{"taxonomy":"category","embeddable":true,"href":"https:\/\/acontecenafronteira.com.br\/index.php\/wp-json\/wp\/v2\/categories?post=33732"},{"taxonomy":"post_tag","embeddable":true,"href":"https:\/\/acontecenafronteira.com.br\/index.php\/wp-json\/wp\/v2\/tags?post=33732"}],"curies":[{"name":"wp","href":"https:\/\/api.w.org\/{rel}","templated":true}]}}