{"id":33719,"date":"2026-09-02T09:37:42","date_gmt":"2026-09-02T12:37:42","guid":{"rendered":"https:\/\/acontecenafronteira.com.br\/?p=33719"},"modified":"2026-09-02T09:37:42","modified_gmt":"2026-09-02T12:37:42","slug":"anvisa-proibe-producao-de-fabrica-da-unilever-em-sp","status":"publish","type":"post","link":"https:\/\/acontecenafronteira.com.br\/index.php\/2026\/09\/02\/anvisa-proibe-producao-de-fabrica-da-unilever-em-sp\/","title":{"rendered":"Anvisa pro\u00edbe produ\u00e7\u00e3o de f\u00e1brica da Unilever em SP"},"content":{"rendered":"<p>A Ag\u00eancia Nacional de Vigil\u00e2ncia Sanit\u00e1ria determinou a interrup\u00e7\u00e3o imediata da fabrica\u00e7\u00e3o de produtos de limpeza na unidade da Unilever situada em Vinhedo, no interior paulista. A medida cautelar foi oficializada ap\u00f3s uma auditoria fiscalizadora realizada no final de agosto.<\/p>\n<h2>Motivos da paralisa\u00e7\u00e3o na planta paulista<\/h2>\n<p>A fiscaliza\u00e7\u00e3o, conduzida entre os dias 24 e 28 de agosto, revelou desvios significativos nas normas de boas pr\u00e1ticas de fabrica\u00e7\u00e3o, essenciais para garantir um rigoroso controle de qualidade na ind\u00fastria.<\/p>\n<p>Entre as irregularidades detectadas pelas equipes de fiscaliza\u00e7\u00e3o, destacam-se falhas operacionais nos testes pr\u00e9vios \u00e0 libera\u00e7\u00e3o dos itens, problemas no monitoramento da \u00e1gua empregada na linha de produ\u00e7\u00e3o e defici\u00eancias na apura\u00e7\u00e3o de falhas internas apontadas pela pr\u00f3pria companhia.<\/p>\n<h2>Situa\u00e7\u00e3o dos produtos no mercado<\/h2>\n<p>Apesar das san\u00e7\u00f5es impostas \u00e0 f\u00e1brica, o \u00f3rg\u00e3o regulador esclareceu que nenhum lote atual precisa ser retirado das prateleiras.<\/p>\n<p>At\u00e9 o momento, os exames preliminares descartam a presen\u00e7a de contamina\u00e7\u00e3o microbiol\u00f3gica ou falhas graves nos artigos j\u00e1 fabricados. Por essa raz\u00e3o, a distribui\u00e7\u00e3o, a comercializa\u00e7\u00e3o e o uso por parte dos consumidores continuam liberados sem restri\u00e7\u00f5es.<\/p>\n<h2>A\u00e7\u00f5es de fiscaliza\u00e7\u00e3o em 2026<\/h2>\n<p>A opera\u00e7\u00e3o conjunta contou com a participa\u00e7\u00e3o do Centro de Vigil\u00e2ncia Sanit\u00e1ria de S\u00e3o Paulo e da unidade municipal de Vinhedo, visando blindar a sa\u00fade p\u00fablica contra riscos futuros.<\/p>\n<p>Essa interven\u00e7\u00e3o integra um programa cont\u00ednuo de monitoramento de empresas do setor de saneantes, que engloba artigos de conserva\u00e7\u00e3o e desinfec\u00e7\u00e3o de ambientes. At\u00e9 o momento, sete vistorias j\u00e1 foram conclu\u00eddas em grandes companhias do pa\u00eds para assegurar a excel\u00eancia e a seguran\u00e7a sanit\u00e1ria nacional.<\/p>\n<p>Por Reda\u00e7\u00e3o Acontece<\/p>\n<p>Cr\u00e9ditos da imagem: Divulga\u00e7\u00e3o<\/p>\n","protected":false},"excerpt":{"rendered":"<p>A Ag\u00eancia Nacional de Vigil\u00e2ncia Sanit\u00e1ria determinou a interrup\u00e7\u00e3o imediata da fabrica\u00e7\u00e3o de produtos de limpeza na unidade da Unilever situada em Vinhedo, no interior paulista. A medida cautelar foi oficializada ap\u00f3s uma auditoria fiscalizadora realizada no final de agosto. Motivos da paralisa\u00e7\u00e3o na planta paulista A fiscaliza\u00e7\u00e3o, conduzida entre os dias 24 e 28 [&hellip;]<\/p>\n","protected":false},"author":0,"featured_media":33724,"comment_status":"open","ping_status":"open","sticky":false,"template":"","format":"standard","meta":{"footnotes":""},"categories":[28],"tags":[],"class_list":["post-33719","post","type-post","status-publish","format-standard","has-post-thumbnail","hentry","category-mundo"],"_links":{"self":[{"href":"https:\/\/acontecenafronteira.com.br\/index.php\/wp-json\/wp\/v2\/posts\/33719","targetHints":{"allow":["GET"]}}],"collection":[{"href":"https:\/\/acontecenafronteira.com.br\/index.php\/wp-json\/wp\/v2\/posts"}],"about":[{"href":"https:\/\/acontecenafronteira.com.br\/index.php\/wp-json\/wp\/v2\/types\/post"}],"replies":[{"embeddable":true,"href":"https:\/\/acontecenafronteira.com.br\/index.php\/wp-json\/wp\/v2\/comments?post=33719"}],"version-history":[{"count":1,"href":"https:\/\/acontecenafronteira.com.br\/index.php\/wp-json\/wp\/v2\/posts\/33719\/revisions"}],"predecessor-version":[{"id":33723,"href":"https:\/\/acontecenafronteira.com.br\/index.php\/wp-json\/wp\/v2\/posts\/33719\/revisions\/33723"}],"wp:featuredmedia":[{"embeddable":true,"href":"https:\/\/acontecenafronteira.com.br\/index.php\/wp-json\/wp\/v2\/media\/33724"}],"wp:attachment":[{"href":"https:\/\/acontecenafronteira.com.br\/index.php\/wp-json\/wp\/v2\/media?parent=33719"}],"wp:term":[{"taxonomy":"category","embeddable":true,"href":"https:\/\/acontecenafronteira.com.br\/index.php\/wp-json\/wp\/v2\/categories?post=33719"},{"taxonomy":"post_tag","embeddable":true,"href":"https:\/\/acontecenafronteira.com.br\/index.php\/wp-json\/wp\/v2\/tags?post=33719"}],"curies":[{"name":"wp","href":"https:\/\/api.w.org\/{rel}","templated":true}]}}