{"id":33710,"date":"2026-09-02T09:37:35","date_gmt":"2026-09-02T12:37:35","guid":{"rendered":"https:\/\/acontecenafronteira.com.br\/?p=33710"},"modified":"2026-09-02T09:37:35","modified_gmt":"2026-09-02T12:37:35","slug":"denuncia-no-tce-questiona-uso-da-pge-pr-contra-cidadao","status":"publish","type":"post","link":"https:\/\/acontecenafronteira.com.br\/index.php\/2026\/09\/02\/denuncia-no-tce-questiona-uso-da-pge-pr-contra-cidadao\/","title":{"rendered":"Den\u00fancia no TCE questiona uso da PGE-PR contra cidad\u00e3o"},"content":{"rendered":"<p>A Procuradoria-Geral do Estado do Paran\u00e1 (PGE-PR) virou alvo de uma representa\u00e7\u00e3o formal no Tribunal de Contas do Estado (TCE-PR) sob a acusa\u00e7\u00e3o de utilizar sua estrutura institucional para investigar um cidad\u00e3o que atua na fiscaliza\u00e7\u00e3o de atos governamentais.<\/p>\n<h2>Representa\u00e7\u00e3o no TCE-PR<\/h2>\n<p>A den\u00fancia aponta que recursos e servidores p\u00fablicos teriam sido empregados de maneira indevida para monitorar e coletar dados sobre o fiscalizador popular, levantando s\u00e9rios questionamentos sobre desvio de finalidade na administra\u00e7\u00e3o p\u00fablica paranaense.<\/p>\n<h2>Investiga\u00e7\u00e3o de fiscalizador<\/h2>\n<p>O caso tramita no tribunal de contas e busca esclarecer se houve abuso de poder por parte dos \u00f3rg\u00e3os estaduais ao mirar uma pessoa comum que apenas exercia seu direito democr\u00e1tico de controle e fiscaliza\u00e7\u00e3o das contas e a\u00e7\u00f5es do governo.<\/p>\n<p>A apura\u00e7\u00e3o em curso pode estabelecer precedentes importantes sobre os limites da atua\u00e7\u00e3o da Procuradoria-Geral frente a cr\u00edticos e cidad\u00e3os ativos na cobran\u00e7a de transpar\u00eancia dos governantes.<\/p>\n<p>Por Reda\u00e7\u00e3o Acontece<\/p>\n<p>Cr\u00e9ditos da imagem: Divulga\u00e7\u00e3o \/ TCE-PR<\/p>\n","protected":false},"excerpt":{"rendered":"<p>A Procuradoria-Geral do Estado do Paran\u00e1 (PGE-PR) virou alvo de uma representa\u00e7\u00e3o formal no Tribunal de Contas do Estado (TCE-PR) sob a acusa\u00e7\u00e3o de utilizar sua estrutura institucional para investigar um cidad\u00e3o que atua na fiscaliza\u00e7\u00e3o de atos governamentais. Representa\u00e7\u00e3o no TCE-PR A den\u00fancia aponta que recursos e servidores p\u00fablicos teriam sido empregados de maneira [&hellip;]<\/p>\n","protected":false},"author":0,"featured_media":33718,"comment_status":"open","ping_status":"open","sticky":false,"template":"","format":"standard","meta":{"footnotes":""},"categories":[18],"tags":[],"class_list":["post-33710","post","type-post","status-publish","format-standard","has-post-thumbnail","hentry","category-parana"],"_links":{"self":[{"href":"https:\/\/acontecenafronteira.com.br\/index.php\/wp-json\/wp\/v2\/posts\/33710","targetHints":{"allow":["GET"]}}],"collection":[{"href":"https:\/\/acontecenafronteira.com.br\/index.php\/wp-json\/wp\/v2\/posts"}],"about":[{"href":"https:\/\/acontecenafronteira.com.br\/index.php\/wp-json\/wp\/v2\/types\/post"}],"replies":[{"embeddable":true,"href":"https:\/\/acontecenafronteira.com.br\/index.php\/wp-json\/wp\/v2\/comments?post=33710"}],"version-history":[{"count":1,"href":"https:\/\/acontecenafronteira.com.br\/index.php\/wp-json\/wp\/v2\/posts\/33710\/revisions"}],"predecessor-version":[{"id":33717,"href":"https:\/\/acontecenafronteira.com.br\/index.php\/wp-json\/wp\/v2\/posts\/33710\/revisions\/33717"}],"wp:featuredmedia":[{"embeddable":true,"href":"https:\/\/acontecenafronteira.com.br\/index.php\/wp-json\/wp\/v2\/media\/33718"}],"wp:attachment":[{"href":"https:\/\/acontecenafronteira.com.br\/index.php\/wp-json\/wp\/v2\/media?parent=33710"}],"wp:term":[{"taxonomy":"category","embeddable":true,"href":"https:\/\/acontecenafronteira.com.br\/index.php\/wp-json\/wp\/v2\/categories?post=33710"},{"taxonomy":"post_tag","embeddable":true,"href":"https:\/\/acontecenafronteira.com.br\/index.php\/wp-json\/wp\/v2\/tags?post=33710"}],"curies":[{"name":"wp","href":"https:\/\/api.w.org\/{rel}","templated":true}]}}