{"id":33709,"date":"2026-09-02T09:37:31","date_gmt":"2026-09-02T12:37:31","guid":{"rendered":"https:\/\/acontecenafronteira.com.br\/?p=33709"},"modified":"2026-09-02T09:37:31","modified_gmt":"2026-09-02T12:37:31","slug":"atletico-mg-vira-sobre-o-cruzeiro-e-vai-a-semifinal-da-copa-do-brasil","status":"publish","type":"post","link":"https:\/\/acontecenafronteira.com.br\/index.php\/2026\/09\/02\/atletico-mg-vira-sobre-o-cruzeiro-e-vai-a-semifinal-da-copa-do-brasil\/","title":{"rendered":"Atl\u00e9tico-MG vira sobre o Cruzeiro e vai \u00e0 semifinal da Copa do Brasil"},"content":{"rendered":"<p>O Atl\u00e9tico-MG garantiu sua classifica\u00e7\u00e3o para as semifinais da Copa do Brasil ap\u00f3s derrotar o Cruzeiro por 2 a 1, em uma partida eletrizante de virada realizada nesta ter\u00e7a-feira (1\u00ba), na Arena MRV.<\/p>\n<h2>A emocionante virada na Arena MRV<\/h2>\n<p>O confronto decisivo come\u00e7ou desfavor\u00e1vel para os donos da casa, mas o time alvinegro demonstrou poder de rea\u00e7\u00e3o diante de sua torcida. Com gols cruciais no segundo tempo, a equipe conseguiu reverter o placar adverso e sacramentou a vit\u00f3ria por 2 a 1.<\/p>\n<h2>Campanha rumo ao t\u00edtulo<\/h2>\n<p>Com este resultado expressivo no cl\u00e1ssico mineiro, o Galo avan\u00e7a com moral elevado na competi\u00e7\u00e3o nacional. O clube segue firme na busca pelo trof\u00e9u, eliminando seu maior rival em um duelo marcado por muita intensidade e emo\u00e7\u00e3o at\u00e9 o apito final.<\/p>\n<p>Por Reda\u00e7\u00e3o Acontece<\/p>\n<p>Cr\u00e9ditos da imagem: Divulga\u00e7\u00e3o \/ Staff Images<\/p>\n","protected":false},"excerpt":{"rendered":"<p>O Atl\u00e9tico-MG garantiu sua classifica\u00e7\u00e3o para as semifinais da Copa do Brasil ap\u00f3s derrotar o Cruzeiro por 2 a 1, em uma partida eletrizante de virada realizada nesta ter\u00e7a-feira (1\u00ba), na Arena MRV. A emocionante virada na Arena MRV O confronto decisivo come\u00e7ou desfavor\u00e1vel para os donos da casa, mas o time alvinegro demonstrou poder [&hellip;]<\/p>\n","protected":false},"author":0,"featured_media":33716,"comment_status":"open","ping_status":"open","sticky":false,"template":"","format":"standard","meta":{"footnotes":""},"categories":[18],"tags":[],"class_list":["post-33709","post","type-post","status-publish","format-standard","has-post-thumbnail","hentry","category-parana"],"_links":{"self":[{"href":"https:\/\/acontecenafronteira.com.br\/index.php\/wp-json\/wp\/v2\/posts\/33709","targetHints":{"allow":["GET"]}}],"collection":[{"href":"https:\/\/acontecenafronteira.com.br\/index.php\/wp-json\/wp\/v2\/posts"}],"about":[{"href":"https:\/\/acontecenafronteira.com.br\/index.php\/wp-json\/wp\/v2\/types\/post"}],"replies":[{"embeddable":true,"href":"https:\/\/acontecenafronteira.com.br\/index.php\/wp-json\/wp\/v2\/comments?post=33709"}],"version-history":[{"count":1,"href":"https:\/\/acontecenafronteira.com.br\/index.php\/wp-json\/wp\/v2\/posts\/33709\/revisions"}],"predecessor-version":[{"id":33715,"href":"https:\/\/acontecenafronteira.com.br\/index.php\/wp-json\/wp\/v2\/posts\/33709\/revisions\/33715"}],"wp:featuredmedia":[{"embeddable":true,"href":"https:\/\/acontecenafronteira.com.br\/index.php\/wp-json\/wp\/v2\/media\/33716"}],"wp:attachment":[{"href":"https:\/\/acontecenafronteira.com.br\/index.php\/wp-json\/wp\/v2\/media?parent=33709"}],"wp:term":[{"taxonomy":"category","embeddable":true,"href":"https:\/\/acontecenafronteira.com.br\/index.php\/wp-json\/wp\/v2\/categories?post=33709"},{"taxonomy":"post_tag","embeddable":true,"href":"https:\/\/acontecenafronteira.com.br\/index.php\/wp-json\/wp\/v2\/tags?post=33709"}],"curies":[{"name":"wp","href":"https:\/\/api.w.org\/{rel}","templated":true}]}}