{"id":33708,"date":"2026-09-02T09:37:26","date_gmt":"2026-09-02T12:37:26","guid":{"rendered":"https:\/\/acontecenafronteira.com.br\/?p=33708"},"modified":"2026-09-02T09:37:26","modified_gmt":"2026-09-02T12:37:26","slug":"greve-de-entregadores-paralisa-transito-em-sao-paulo","status":"publish","type":"post","link":"https:\/\/acontecenafronteira.com.br\/index.php\/2026\/09\/02\/greve-de-entregadores-paralisa-transito-em-sao-paulo\/","title":{"rendered":"Greve de entregadores paralisa tr\u00e2nsito em S\u00e3o Paulo"},"content":{"rendered":"<p>Centenas de motociclistas paralisaram as atividades nesta quarta-feira (2) em S\u00e3o Paulo, aderindo a uma greve nacional dos entregadores por aplicativo. O ato, chamado popularmente de &#8220;breque dos apps&#8221;, busca chamar a aten\u00e7\u00e3o das empresas e da sociedade para a precariza\u00e7\u00e3o das condi\u00e7\u00f5es de trabalho no setor.<\/p>\n<h2>Reivindica\u00e7\u00f5es da categoria<\/h2>\n<p>O principal motivador da paralisa\u00e7\u00e3o \u00e9 a insatisfa\u00e7\u00e3o com os valores pagos pelas taxas de entrega. Os profissionais argumentam que os ganhos reais ca\u00edram drasticamente nos \u00faltimos anos, enquanto os custos operacionais com combust\u00edvel, manuten\u00e7\u00e3o de motos e seguro aumentaram consideravelmente.<\/p>\n<p>Al\u00e9m do reajuste nas taxas por quil\u00f4metro rodado, os trabalhadores exigem o fim dos bloqueios injustificados de contas nas plataformas digitais, pr\u00e1tica que consideram abusiva e que retira o sustento de muitas fam\u00edlias sem direito a defesa pr\u00e9via.<\/p>\n<h2>Impacto na rotina das grandes cidades<\/h2>\n<p>Al\u00e9m da capital paulista, a mobiliza\u00e7\u00e3o afeta o funcionamento de servi\u00e7os em outras capitais e regi\u00f5es metropolitanas do pa\u00eds. A expectativa dos organizadores \u00e9 manter a press\u00e3o sobre as empresas de tecnologia at\u00e9 que haja uma mesa de negocia\u00e7\u00e3o efetiva para atender \u00e0s pautas urgentes da classe trabalhadora.<\/p>\n<p>A ades\u00e3o expressiva de motoboys reflete o descontentamento generalizado com a falta de di\u00e1logo por parte das corpora\u00e7\u00f5es que gerenciam os aplicativos de entrega de comida e mercadorias.<\/p>\n<p>Por Reda\u00e7\u00e3o Acontece<\/p>\n<p>Cr\u00e9ditos da imagem: Reprodu\u00e7\u00e3o \/ Redes Sociais<\/p>\n","protected":false},"excerpt":{"rendered":"<p>Centenas de motociclistas paralisaram as atividades nesta quarta-feira (2) em S\u00e3o Paulo, aderindo a uma greve nacional dos entregadores por aplicativo. O ato, chamado popularmente de &#8220;breque dos apps&#8221;, busca chamar a aten\u00e7\u00e3o das empresas e da sociedade para a precariza\u00e7\u00e3o das condi\u00e7\u00f5es de trabalho no setor. Reivindica\u00e7\u00f5es da categoria O principal motivador da paralisa\u00e7\u00e3o [&hellip;]<\/p>\n","protected":false},"author":0,"featured_media":33714,"comment_status":"open","ping_status":"open","sticky":false,"template":"","format":"standard","meta":{"footnotes":""},"categories":[18],"tags":[],"class_list":["post-33708","post","type-post","status-publish","format-standard","has-post-thumbnail","hentry","category-parana"],"_links":{"self":[{"href":"https:\/\/acontecenafronteira.com.br\/index.php\/wp-json\/wp\/v2\/posts\/33708","targetHints":{"allow":["GET"]}}],"collection":[{"href":"https:\/\/acontecenafronteira.com.br\/index.php\/wp-json\/wp\/v2\/posts"}],"about":[{"href":"https:\/\/acontecenafronteira.com.br\/index.php\/wp-json\/wp\/v2\/types\/post"}],"replies":[{"embeddable":true,"href":"https:\/\/acontecenafronteira.com.br\/index.php\/wp-json\/wp\/v2\/comments?post=33708"}],"version-history":[{"count":1,"href":"https:\/\/acontecenafronteira.com.br\/index.php\/wp-json\/wp\/v2\/posts\/33708\/revisions"}],"predecessor-version":[{"id":33713,"href":"https:\/\/acontecenafronteira.com.br\/index.php\/wp-json\/wp\/v2\/posts\/33708\/revisions\/33713"}],"wp:featuredmedia":[{"embeddable":true,"href":"https:\/\/acontecenafronteira.com.br\/index.php\/wp-json\/wp\/v2\/media\/33714"}],"wp:attachment":[{"href":"https:\/\/acontecenafronteira.com.br\/index.php\/wp-json\/wp\/v2\/media?parent=33708"}],"wp:term":[{"taxonomy":"category","embeddable":true,"href":"https:\/\/acontecenafronteira.com.br\/index.php\/wp-json\/wp\/v2\/categories?post=33708"},{"taxonomy":"post_tag","embeddable":true,"href":"https:\/\/acontecenafronteira.com.br\/index.php\/wp-json\/wp\/v2\/tags?post=33708"}],"curies":[{"name":"wp","href":"https:\/\/api.w.org\/{rel}","templated":true}]}}