{"id":33679,"date":"2026-09-02T08:37:38","date_gmt":"2026-09-02T11:37:38","guid":{"rendered":"https:\/\/acontecenafronteira.com.br\/?p=33679"},"modified":"2026-09-02T08:37:38","modified_gmt":"2026-09-02T11:37:38","slug":"mulher-e-agredida-com-fio-em-goias-por-suspeita-de-traicao","status":"publish","type":"post","link":"https:\/\/acontecenafronteira.com.br\/index.php\/2026\/09\/02\/mulher-e-agredida-com-fio-em-goias-por-suspeita-de-traicao\/","title":{"rendered":"Mulher \u00e9 agredida com fio em Goi\u00e1s por suspeita de trai\u00e7\u00e3o"},"content":{"rendered":"<p>Uma moradora de Cristalina, munic\u00edpio de Goi\u00e1s, sofreu ferimentos graves e precisou receber pontos no rosto ap\u00f3s ser brutalmente agredida por duas mulheres no meio da rua, na \u00faltima segunda-feira (31), logo ap\u00f3s retornar de seu expediente de trabalho.<\/p>\n<h2>Pris\u00e3o das suspeitas em Goi\u00e1s<\/h2>\n<p>A r\u00e1pida a\u00e7\u00e3o conjunta entre a Pol\u00edcia Civil do Estado de Goi\u00e1s e a Guarda Civil Municipal resultou na captura imediata das duas agressoras envolvidas no caso de viol\u00eancia urbana.<\/p>\n<h2>Motiva\u00e7\u00e3o passional e uso de arma improvisada<\/h2>\n<p>Logo ap\u00f3s a viol\u00eancia, a v\u00edtima buscou ajuda na delegacia local com o rosto ensanguentado e uma les\u00e3o profunda na regi\u00e3o abaixo do olho direito, relatando que foi interrogada sobre o marido de uma das autoras antes do ataque.<\/p>\n<p>Durante os interrogat\u00f3rios, uma das suspeitas confessou abertamente a participa\u00e7\u00e3o no crime e apontou o paradeiro do artefato utilizado para ferir a mulher no meio da via p\u00fablica.<\/p>\n<p>Os agentes de seguran\u00e7a localizaram e apreenderam um fio de liquidificador, apontado pelas investiga\u00e7\u00f5es como o instrumento empregado para desferir os golpes contra a v\u00edtima em pra\u00e7a p\u00fablica.<\/p>\n<p>O inqu\u00e9rito policial foi instaurado para apurar os crimes de les\u00e3o corporal qualificada por raz\u00f5es de g\u00eanero contra a mulher, al\u00e9m de responder pelas amea\u00e7as proferidas na fuga.<\/p>\n<p>Por Reda\u00e7\u00e3o Acontece<\/p>\n<p>Reprodu\u00e7\u00e3o\/Metr\u00f3poles<\/p>\n","protected":false},"excerpt":{"rendered":"<p>Uma moradora de Cristalina, munic\u00edpio de Goi\u00e1s, sofreu ferimentos graves e precisou receber pontos no rosto ap\u00f3s ser brutalmente agredida por duas mulheres no meio da rua, na \u00faltima segunda-feira (31), logo ap\u00f3s retornar de seu expediente de trabalho. Pris\u00e3o das suspeitas em Goi\u00e1s A r\u00e1pida a\u00e7\u00e3o conjunta entre a Pol\u00edcia Civil do Estado de [&hellip;]<\/p>\n","protected":false},"author":0,"featured_media":33684,"comment_status":"open","ping_status":"open","sticky":false,"template":"","format":"standard","meta":{"footnotes":""},"categories":[18],"tags":[],"class_list":["post-33679","post","type-post","status-publish","format-standard","has-post-thumbnail","hentry","category-parana"],"_links":{"self":[{"href":"https:\/\/acontecenafronteira.com.br\/index.php\/wp-json\/wp\/v2\/posts\/33679","targetHints":{"allow":["GET"]}}],"collection":[{"href":"https:\/\/acontecenafronteira.com.br\/index.php\/wp-json\/wp\/v2\/posts"}],"about":[{"href":"https:\/\/acontecenafronteira.com.br\/index.php\/wp-json\/wp\/v2\/types\/post"}],"replies":[{"embeddable":true,"href":"https:\/\/acontecenafronteira.com.br\/index.php\/wp-json\/wp\/v2\/comments?post=33679"}],"version-history":[{"count":1,"href":"https:\/\/acontecenafronteira.com.br\/index.php\/wp-json\/wp\/v2\/posts\/33679\/revisions"}],"predecessor-version":[{"id":33683,"href":"https:\/\/acontecenafronteira.com.br\/index.php\/wp-json\/wp\/v2\/posts\/33679\/revisions\/33683"}],"wp:featuredmedia":[{"embeddable":true,"href":"https:\/\/acontecenafronteira.com.br\/index.php\/wp-json\/wp\/v2\/media\/33684"}],"wp:attachment":[{"href":"https:\/\/acontecenafronteira.com.br\/index.php\/wp-json\/wp\/v2\/media?parent=33679"}],"wp:term":[{"taxonomy":"category","embeddable":true,"href":"https:\/\/acontecenafronteira.com.br\/index.php\/wp-json\/wp\/v2\/categories?post=33679"},{"taxonomy":"post_tag","embeddable":true,"href":"https:\/\/acontecenafronteira.com.br\/index.php\/wp-json\/wp\/v2\/tags?post=33679"}],"curies":[{"name":"wp","href":"https:\/\/api.w.org\/{rel}","templated":true}]}}