{"id":33668,"date":"2026-09-02T08:37:23","date_gmt":"2026-09-02T11:37:23","guid":{"rendered":"https:\/\/acontecenafronteira.com.br\/?p=33668"},"modified":"2026-09-02T08:37:23","modified_gmt":"2026-09-02T11:37:23","slug":"moto-e-atingida-por-arvore-em-curitiba-piloto-grave","status":"publish","type":"post","link":"https:\/\/acontecenafronteira.com.br\/index.php\/2026\/09\/02\/moto-e-atingida-por-arvore-em-curitiba-piloto-grave\/","title":{"rendered":"Moto \u00e9 atingida por \u00e1rvore em Curitiba: piloto grave"},"content":{"rendered":"<p>Um motociclista de 60 anos sofreu ferimentos graves e entrou em parada cardiorrespirat\u00f3ria ap\u00f3s ser atingido pela queda de uma \u00e1rvore na tarde de segunda-feira (31), no bairro Barreirinha, em Curitiba. A passageira que o acompanhava, de 37 anos, tamb\u00e9m se feriu na ocorr\u00eancia.<\/p>\n<h2>Din\u00e2mica do acidente na capital paranaense<\/h2>\n<p>De acordo com informa\u00e7\u00f5es repassadas pelo Corpo de Bombeiros, o trecho da via estava devidamente sinalizado e bloqueado devido ao risco iminente de queda de uma estrutura arb\u00f3rea que passaria por corte.<\/p>\n<p>Apesar da interdi\u00e7\u00e3o, a motocicleta com as duas v\u00edtimas ultrapassou a \u00e1rea de seguran\u00e7a. Logo ap\u00f3s ultrapassarem o bloqueio, outra \u00e1rvore cedeu e atingiu diretamente o ve\u00edculo.<\/p>\n<h2>Atendimento m\u00e9dico e estado de sa\u00fade<\/h2>\n<p>O condutor da moto utilizava capacete no momento do impacto, mas teve les\u00f5es grav\u00edssimas e precisou ser reanimado ap\u00f3s sofrer uma parada cardiorrespirat\u00f3ria ainda no local do resgate.<\/p>\n<p>J\u00e1 a passageira n\u00e3o usava equipamento de prote\u00e7\u00e3o e sofreu ferimentos considerados moderados pelas equipes de socorro.<\/p>\n<p>Ambos os ocupantes foram socorridos rapidamente e encaminhados para o Hospital Universit\u00e1rio Cajuru para receber atendimento m\u00e9dico especializado. As identidades dos envolvidos n\u00e3o foram divulgadas pelas autoridades e novos boletins m\u00e9dicos sobre a evolu\u00e7\u00e3o cl\u00ednica dos pacientes n\u00e3o foram atualizados at\u00e9 o fechamento desta mat\u00e9ria.<\/p>\n<p>Por Reda\u00e7\u00e3o Acontece<\/p>\n<p>Cr\u00e9dito da imagem: Corpo de Bombeiros\/Reprodu\u00e7\u00e3o<\/p>\n","protected":false},"excerpt":{"rendered":"<p>Um motociclista de 60 anos sofreu ferimentos graves e entrou em parada cardiorrespirat\u00f3ria ap\u00f3s ser atingido pela queda de uma \u00e1rvore na tarde de segunda-feira (31), no bairro Barreirinha, em Curitiba. A passageira que o acompanhava, de 37 anos, tamb\u00e9m se feriu na ocorr\u00eancia. Din\u00e2mica do acidente na capital paranaense De acordo com informa\u00e7\u00f5es repassadas [&hellip;]<\/p>\n","protected":false},"author":0,"featured_media":33675,"comment_status":"open","ping_status":"open","sticky":false,"template":"","format":"standard","meta":{"footnotes":""},"categories":[18],"tags":[],"class_list":["post-33668","post","type-post","status-publish","format-standard","has-post-thumbnail","hentry","category-parana"],"_links":{"self":[{"href":"https:\/\/acontecenafronteira.com.br\/index.php\/wp-json\/wp\/v2\/posts\/33668","targetHints":{"allow":["GET"]}}],"collection":[{"href":"https:\/\/acontecenafronteira.com.br\/index.php\/wp-json\/wp\/v2\/posts"}],"about":[{"href":"https:\/\/acontecenafronteira.com.br\/index.php\/wp-json\/wp\/v2\/types\/post"}],"replies":[{"embeddable":true,"href":"https:\/\/acontecenafronteira.com.br\/index.php\/wp-json\/wp\/v2\/comments?post=33668"}],"version-history":[{"count":1,"href":"https:\/\/acontecenafronteira.com.br\/index.php\/wp-json\/wp\/v2\/posts\/33668\/revisions"}],"predecessor-version":[{"id":33674,"href":"https:\/\/acontecenafronteira.com.br\/index.php\/wp-json\/wp\/v2\/posts\/33668\/revisions\/33674"}],"wp:featuredmedia":[{"embeddable":true,"href":"https:\/\/acontecenafronteira.com.br\/index.php\/wp-json\/wp\/v2\/media\/33675"}],"wp:attachment":[{"href":"https:\/\/acontecenafronteira.com.br\/index.php\/wp-json\/wp\/v2\/media?parent=33668"}],"wp:term":[{"taxonomy":"category","embeddable":true,"href":"https:\/\/acontecenafronteira.com.br\/index.php\/wp-json\/wp\/v2\/categories?post=33668"},{"taxonomy":"post_tag","embeddable":true,"href":"https:\/\/acontecenafronteira.com.br\/index.php\/wp-json\/wp\/v2\/tags?post=33668"}],"curies":[{"name":"wp","href":"https:\/\/api.w.org\/{rel}","templated":true}]}}