{"id":33667,"date":"2026-09-02T08:36:44","date_gmt":"2026-09-02T11:36:44","guid":{"rendered":"https:\/\/acontecenafronteira.com.br\/?p=33667"},"modified":"2026-09-02T08:36:44","modified_gmt":"2026-09-02T11:36:44","slug":"eleicoes-2026-pr-requiao-filho-foca-agenda-em-curitiba-2","status":"publish","type":"post","link":"https:\/\/acontecenafronteira.com.br\/index.php\/2026\/09\/02\/eleicoes-2026-pr-requiao-filho-foca-agenda-em-curitiba-2\/","title":{"rendered":"Elei\u00e7\u00f5es 2026 PR: Requi\u00e3o Filho foca agenda em Curitiba"},"content":{"rendered":"<p>O candidato ao governo do Paran\u00e1 pelo PDT, Requi\u00e3o Filho, intensifica sua campanha nesta ter\u00e7a-feira (1\u00ba) com uma s\u00e9rie de compromissos oficiais divididos entre Curitiba e a Regi\u00e3o Metropolitana, incluindo encontros com o setor de seguran\u00e7a p\u00fablica e lideran\u00e7as pol\u00edticas.<\/p>\n<h2>Agenda de campanha em Curitiba<\/h2>\n<p>As atividades do postulante ao Pal\u00e1cio Igua\u00e7u come\u00e7am logo no per\u00edodo da manh\u00e3 com uma visita tradicional para tomar caf\u00e9 no Mercado Municipal de Curitiba, permitindo um contato direto com eleitores e comerciantes locais.<\/p>\n<h2>Di\u00e1logo com a seguran\u00e7a p\u00fablica<\/h2>\n<p>J\u00e1 na parte da tarde, a programa\u00e7\u00e3o oficial prev\u00ea uma entrevista ao vivo seguida por um encontro estrat\u00e9gico com policiais civis. A reuni\u00e3o com a categoria acontece na sede do Sindicato das Classes Policiais Civis do Estado do Paran\u00e1 (Sinclapol), na capital paranaense, onde ser\u00e3o debatidas pautas de interesse dos servidores.<\/p>\n<h2>Encontro com lideran\u00e7as na Regi\u00e3o Metropolitana<\/h2>\n<p>Encerrando o roteiro do dia, Requi\u00e3o Filho viaja para Mandirituba no per\u00edodo noturno. No munic\u00edpio da Regi\u00e3o Metropolitana de Curitiba, o candidato participa de uma reuni\u00e3o fechada com lideran\u00e7as pol\u00edticas locais para alinhar estrat\u00e9gias e apoios na regi\u00e3o.<\/p>\n<h2>Panorama da corrida eleitoral no estado<\/h2>\n<p>O per\u00edodo oficial de campanha teve in\u00edcio no dia 16 de agosto em todo o territ\u00f3rio nacional, autorizando a realiza\u00e7\u00e3o de com\u00edcios, caminhadas, propaganda na internet e pedidos expl\u00edcitos de votos, conforme as normativas da Justi\u00e7a Eleitoral. O primeiro turno das <strong>Elei\u00e7\u00f5es 2026<\/strong> est\u00e1 agendado para o dia 4 de outubro, com um eventual segundo turno marcado para o dia 25 do mesmo m\u00eas. Na disputa pelo governo paranaense, o Tribunal Superior Eleitoral registrou oito candidaturas oficiais: Adriano Teixeira (PCO), Alexandre Salom\u00e3o (Mobiliza), Luiz Fran\u00e7a (Miss\u00e3o), Requi\u00e3o Filho (PDT), Samuel Mattos (PSTU), Sandro Alex (PSD), S\u00e9rgio Moro (PL) e Tayn\u00e1 Miessa (UP).<\/p>\n<p>Por Reda\u00e7\u00e3o Acontece<\/p>\n<p>Orlando Kissner\/Assembleia Legislativa do Paran\u00e1<\/p>\n","protected":false},"excerpt":{"rendered":"<p>O candidato ao governo do Paran\u00e1 pelo PDT, Requi\u00e3o Filho, intensifica sua campanha nesta ter\u00e7a-feira (1\u00ba) com uma s\u00e9rie de compromissos oficiais divididos entre Curitiba e a Regi\u00e3o Metropolitana, incluindo encontros com o setor de seguran\u00e7a p\u00fablica e lideran\u00e7as pol\u00edticas. Agenda de campanha em Curitiba As atividades do postulante ao Pal\u00e1cio Igua\u00e7u come\u00e7am logo no [&hellip;]<\/p>\n","protected":false},"author":0,"featured_media":33673,"comment_status":"open","ping_status":"open","sticky":false,"template":"","format":"standard","meta":{"footnotes":""},"categories":[18],"tags":[],"class_list":["post-33667","post","type-post","status-publish","format-standard","has-post-thumbnail","hentry","category-parana"],"_links":{"self":[{"href":"https:\/\/acontecenafronteira.com.br\/index.php\/wp-json\/wp\/v2\/posts\/33667","targetHints":{"allow":["GET"]}}],"collection":[{"href":"https:\/\/acontecenafronteira.com.br\/index.php\/wp-json\/wp\/v2\/posts"}],"about":[{"href":"https:\/\/acontecenafronteira.com.br\/index.php\/wp-json\/wp\/v2\/types\/post"}],"replies":[{"embeddable":true,"href":"https:\/\/acontecenafronteira.com.br\/index.php\/wp-json\/wp\/v2\/comments?post=33667"}],"version-history":[{"count":1,"href":"https:\/\/acontecenafronteira.com.br\/index.php\/wp-json\/wp\/v2\/posts\/33667\/revisions"}],"predecessor-version":[{"id":33672,"href":"https:\/\/acontecenafronteira.com.br\/index.php\/wp-json\/wp\/v2\/posts\/33667\/revisions\/33672"}],"wp:featuredmedia":[{"embeddable":true,"href":"https:\/\/acontecenafronteira.com.br\/index.php\/wp-json\/wp\/v2\/media\/33673"}],"wp:attachment":[{"href":"https:\/\/acontecenafronteira.com.br\/index.php\/wp-json\/wp\/v2\/media?parent=33667"}],"wp:term":[{"taxonomy":"category","embeddable":true,"href":"https:\/\/acontecenafronteira.com.br\/index.php\/wp-json\/wp\/v2\/categories?post=33667"},{"taxonomy":"post_tag","embeddable":true,"href":"https:\/\/acontecenafronteira.com.br\/index.php\/wp-json\/wp\/v2\/tags?post=33667"}],"curies":[{"name":"wp","href":"https:\/\/api.w.org\/{rel}","templated":true}]}}