{"id":33666,"date":"2026-09-02T08:36:25","date_gmt":"2026-09-02T11:36:25","guid":{"rendered":"https:\/\/acontecenafronteira.com.br\/?p=33666"},"modified":"2026-09-02T08:36:25","modified_gmt":"2026-09-02T11:36:25","slug":"eleicoes-2026-pr-agenda-de-sandro-alex-com-cooperativas","status":"publish","type":"post","link":"https:\/\/acontecenafronteira.com.br\/index.php\/2026\/09\/02\/eleicoes-2026-pr-agenda-de-sandro-alex-com-cooperativas\/","title":{"rendered":"Elei\u00e7\u00f5es 2026 PR: agenda de Sandro Alex com cooperativas"},"content":{"rendered":"<p>O candidato ao governo do Paran\u00e1, <strong>Sandro Alex (PSD)<\/strong>, cumpre intensa agenda de campanha em Curitiba e na Regi\u00e3o Metropolitana, priorizando o di\u00e1logo com setores estrat\u00e9gicos como o cooperativismo e a pauta ambiental.<\/p>\n<h2>Agenda de compromissos em Curitiba<\/h2>\n<p>As atividades desta ter\u00e7a-feira (1\u00ba) come\u00e7aram pela manh\u00e3 com uma reuni\u00e3o estrat\u00e9gica junto a representantes da Organiza\u00e7\u00e3o das Cooperativas do Paran\u00e1 (Ocepar), seguida por produ\u00e7\u00f5es audiovisuais voltadas para a propaganda eleitoral. No per\u00edodo da tarde, o pol\u00edtico participa de uma sabatina transmitida ao vivo e, na sequ\u00eancia, debate pautas ecol\u00f3gicas com ativistas e especialistas da \u00e1rea ambiental na capital paranaense.<\/p>\n<h2>Lan\u00e7amento de candidaturas na Regi\u00e3o Metropolitana<\/h2>\n<p>Encerrando o dia de atividades pol\u00edticas, o candidato viaja para o munic\u00edpio de Fazenda Rio Grande, onde marca presen\u00e7a em um evento oficial de lan\u00e7amento de candidaturas locais, buscando fortalecer sua base de apoio na Grande Curitiba.<\/p>\n<h2>Cen\u00e1rio da disputa eleitoral no estado<\/h2>\n<p>O per\u00edodo oficial de propaganda e pedidos de votos teve in\u00edcio em 16 de agosto, permitindo com\u00edcios, carreatas e debates na TV, r\u00e1dio e internet. Os eleitores paranaenses v\u00e3o \u00e0s urnas no dia 4 de outubro para o primeiro turno, enquanto um eventual segundo turno est\u00e1 agendado para 25 de outubro. A corrida pelo Pal\u00e1cio Igua\u00e7u conta com oito postulantes registrados.<\/p>\n<p>Por Reda\u00e7\u00e3o Acontece<\/p>\n<p>Marcelo Camargo\/Ag\u00eancia Brasil<\/p>\n","protected":false},"excerpt":{"rendered":"<p>O candidato ao governo do Paran\u00e1, Sandro Alex (PSD), cumpre intensa agenda de campanha em Curitiba e na Regi\u00e3o Metropolitana, priorizando o di\u00e1logo com setores estrat\u00e9gicos como o cooperativismo e a pauta ambiental. Agenda de compromissos em Curitiba As atividades desta ter\u00e7a-feira (1\u00ba) come\u00e7aram pela manh\u00e3 com uma reuni\u00e3o estrat\u00e9gica junto a representantes da Organiza\u00e7\u00e3o [&hellip;]<\/p>\n","protected":false},"author":0,"featured_media":33671,"comment_status":"open","ping_status":"open","sticky":false,"template":"","format":"standard","meta":{"footnotes":""},"categories":[18],"tags":[],"class_list":["post-33666","post","type-post","status-publish","format-standard","has-post-thumbnail","hentry","category-parana"],"_links":{"self":[{"href":"https:\/\/acontecenafronteira.com.br\/index.php\/wp-json\/wp\/v2\/posts\/33666","targetHints":{"allow":["GET"]}}],"collection":[{"href":"https:\/\/acontecenafronteira.com.br\/index.php\/wp-json\/wp\/v2\/posts"}],"about":[{"href":"https:\/\/acontecenafronteira.com.br\/index.php\/wp-json\/wp\/v2\/types\/post"}],"replies":[{"embeddable":true,"href":"https:\/\/acontecenafronteira.com.br\/index.php\/wp-json\/wp\/v2\/comments?post=33666"}],"version-history":[{"count":1,"href":"https:\/\/acontecenafronteira.com.br\/index.php\/wp-json\/wp\/v2\/posts\/33666\/revisions"}],"predecessor-version":[{"id":33670,"href":"https:\/\/acontecenafronteira.com.br\/index.php\/wp-json\/wp\/v2\/posts\/33666\/revisions\/33670"}],"wp:featuredmedia":[{"embeddable":true,"href":"https:\/\/acontecenafronteira.com.br\/index.php\/wp-json\/wp\/v2\/media\/33671"}],"wp:attachment":[{"href":"https:\/\/acontecenafronteira.com.br\/index.php\/wp-json\/wp\/v2\/media?parent=33666"}],"wp:term":[{"taxonomy":"category","embeddable":true,"href":"https:\/\/acontecenafronteira.com.br\/index.php\/wp-json\/wp\/v2\/categories?post=33666"},{"taxonomy":"post_tag","embeddable":true,"href":"https:\/\/acontecenafronteira.com.br\/index.php\/wp-json\/wp\/v2\/tags?post=33666"}],"curies":[{"name":"wp","href":"https:\/\/api.w.org\/{rel}","templated":true}]}}