{"id":33648,"date":"2026-09-02T07:37:23","date_gmt":"2026-09-02T10:37:23","guid":{"rendered":"https:\/\/acontecenafronteira.com.br\/?p=33648"},"modified":"2026-09-02T07:37:23","modified_gmt":"2026-09-02T10:37:23","slug":"ebola-na-rd-congo-surto-letal-ultrapassa-3-mil-mortes","status":"publish","type":"post","link":"https:\/\/acontecenafronteira.com.br\/index.php\/2026\/09\/02\/ebola-na-rd-congo-surto-letal-ultrapassa-3-mil-mortes\/","title":{"rendered":"Ebola na RD Congo: Surto Letal Ultrapassa 3 Mil Mortes"},"content":{"rendered":"<p>A grave crise sanit\u00e1ria provocada pelo <strong>ebola<\/strong> na Rep\u00fablica Democr\u00e1tica do Congo (RDC) atingiu um patamar alarmante ao superar a marca de <strong>3 mil mortes<\/strong>, conforme o boletim mais recente divulgado pelas autoridades locais.<\/p>\n<h2>Expans\u00e3o e Impacto do V\u00edrus no Pa\u00eds<\/h2>\n<p>Iniciada oficialmente em maio, esta \u00e9 considerada a pior crise do g\u00eanero j\u00e1 registrada na hist\u00f3ria da RDC. A enfermidade j\u00e1 atingiu mais de <strong>6 mil casos confirmados<\/strong> em seis prov\u00edncias diferentes, concentrando-se principalmente nas regi\u00f5es norte e leste do territ\u00f3rio congol\u00eas.<\/p>\n<p>O epicentro inicial ocorreu na prov\u00edncia de Ituri, situada no nordeste do pa\u00eds. A r\u00e1pida propaga\u00e7\u00e3o do pat\u00f3geno foi agravada pela atua\u00e7\u00e3o de grupos armados na regi\u00e3o e pela fraca presen\u00e7a do Estado, o que dificulta drasticamente o trabalho das equipes de sa\u00fade.<\/p>\n<h2>Desafios no Tratamento e Aus\u00eancia de Vacina<\/h2>\n<p>O atual surto \u00e9 provocado pela cepa <strong>Bundibugyo<\/strong>, uma variante pouco conhecida que se diferencia da cepa Zaire, respons\u00e1vel pela maioria das ocorr\u00eancias anteriores no pa\u00eds. Um dos maiores obst\u00e1culos enfrentados pelos m\u00e9dicos \u00e9 que esta cepa espec\u00edfica ainda n\u00e3o possui uma <strong>vacina<\/strong> ou tratamento oficial aprovado.<\/p>\n<p>Nos est\u00e1gios iniciais, a infec\u00e7\u00e3o apresenta sintomas considerados brandos, fator que frequentemente retarda o diagn\u00f3stico precoce e acelera a transmiss\u00e3o comunit\u00e1ria. Atualmente, diversos compostos e imunizantes alternativos continuam em fase de testes rigorosos.<\/p>\n<p>Enquanto a comunidade cient\u00edfica busca uma solu\u00e7\u00e3o definitiva, a Organiza\u00e7\u00e3o Mundial da Sa\u00fade (OMS) sugeriu a aplica\u00e7\u00e3o de ensaios cl\u00ednicos utilizando a vacina Ervebo, originalmente desenvolvida e aprovada para combater a cepa Zaire.<\/p>\n<p>Por Reda\u00e7\u00e3o Acontece<\/p>\n<p>Imagem: Divulga\u00e7\u00e3o \/ OMS<\/p>\n","protected":false},"excerpt":{"rendered":"<p>A grave crise sanit\u00e1ria provocada pelo ebola na Rep\u00fablica Democr\u00e1tica do Congo (RDC) atingiu um patamar alarmante ao superar a marca de 3 mil mortes, conforme o boletim mais recente divulgado pelas autoridades locais. Expans\u00e3o e Impacto do V\u00edrus no Pa\u00eds Iniciada oficialmente em maio, esta \u00e9 considerada a pior crise do g\u00eanero j\u00e1 registrada [&hellip;]<\/p>\n","protected":false},"author":0,"featured_media":33656,"comment_status":"open","ping_status":"open","sticky":false,"template":"","format":"standard","meta":{"footnotes":""},"categories":[28],"tags":[],"class_list":["post-33648","post","type-post","status-publish","format-standard","has-post-thumbnail","hentry","category-mundo"],"_links":{"self":[{"href":"https:\/\/acontecenafronteira.com.br\/index.php\/wp-json\/wp\/v2\/posts\/33648","targetHints":{"allow":["GET"]}}],"collection":[{"href":"https:\/\/acontecenafronteira.com.br\/index.php\/wp-json\/wp\/v2\/posts"}],"about":[{"href":"https:\/\/acontecenafronteira.com.br\/index.php\/wp-json\/wp\/v2\/types\/post"}],"replies":[{"embeddable":true,"href":"https:\/\/acontecenafronteira.com.br\/index.php\/wp-json\/wp\/v2\/comments?post=33648"}],"version-history":[{"count":1,"href":"https:\/\/acontecenafronteira.com.br\/index.php\/wp-json\/wp\/v2\/posts\/33648\/revisions"}],"predecessor-version":[{"id":33655,"href":"https:\/\/acontecenafronteira.com.br\/index.php\/wp-json\/wp\/v2\/posts\/33648\/revisions\/33655"}],"wp:featuredmedia":[{"embeddable":true,"href":"https:\/\/acontecenafronteira.com.br\/index.php\/wp-json\/wp\/v2\/media\/33656"}],"wp:attachment":[{"href":"https:\/\/acontecenafronteira.com.br\/index.php\/wp-json\/wp\/v2\/media?parent=33648"}],"wp:term":[{"taxonomy":"category","embeddable":true,"href":"https:\/\/acontecenafronteira.com.br\/index.php\/wp-json\/wp\/v2\/categories?post=33648"},{"taxonomy":"post_tag","embeddable":true,"href":"https:\/\/acontecenafronteira.com.br\/index.php\/wp-json\/wp\/v2\/tags?post=33648"}],"curies":[{"name":"wp","href":"https:\/\/api.w.org\/{rel}","templated":true}]}}