{"id":33647,"date":"2026-09-02T07:37:17","date_gmt":"2026-09-02T10:37:17","guid":{"rendered":"https:\/\/acontecenafronteira.com.br\/?p=33647"},"modified":"2026-09-02T07:37:17","modified_gmt":"2026-09-02T10:37:17","slug":"operacao-no-rj-mira-braco-armado-do-comando-vermelho","status":"publish","type":"post","link":"https:\/\/acontecenafronteira.com.br\/index.php\/2026\/09\/02\/operacao-no-rj-mira-braco-armado-do-comando-vermelho\/","title":{"rendered":"Opera\u00e7\u00e3o no RJ mira bra\u00e7o armado do Comando Vermelho"},"content":{"rendered":"<p>Uma opera\u00e7\u00e3o policial realizada nesta quarta-feira teve como alvo a Equipe Astro, apontada pelas autoridades como o bra\u00e7o armado do Comando Vermelho encabe\u00e7ado por invas\u00f5es e pela disputa de novos territ\u00f3rios na Zona Sudoeste do Rio de Janeiro.<\/p>\n<h2>A\u00e7\u00e3o nas comunidades da Zona Sudoeste<\/h2>\n<p>Conduzida por agentes da Delegacia de Repress\u00e3o \u00e0s A\u00e7\u00f5es Criminosas Organizadas e Inqu\u00e9ritos Especiais (Draco\/IE), a a\u00e7\u00e3o cumpriu mandados de busca e apreens\u00e3o, al\u00e9m de ordens de pris\u00e3o, com foco principal nas regi\u00f5es da Cidade de Deus e da Gard\u00eania Azul. Um suspeito j\u00e1 foi detido pelas autoridades.<\/p>\n<p>De acordo com o delegado Jefferson Ferreira, em declara\u00e7\u00e3o concedida ao programa Bom Dia Rio, o grupo criminoso \u00e9 amplamente reconhecido pelo alto n\u00edvel de viol\u00eancia empregado em suas investidas.<\/p>\n<h2>Lideran\u00e7a e treinamento militar<\/h2>\n<p>Esta nova fase da ofensiva policial decorre de investiga\u00e7\u00f5es que j\u00e1 haviam resultado na morte de Pierre S\u00e1 da Silva, conhecido como PQD, durante um confronto na primeira etapa da opera\u00e7\u00e3o, realizada h\u00e1 duas semanas. As apura\u00e7\u00f5es revelaram que PQD possu\u00eda passagem pelas for\u00e7as armadas e utilizava sua experi\u00eancia militar para instruir os criminosos do tr\u00e1fico.<\/p>\n<p>Neste momento, os esfor\u00e7os da pol\u00edcia miram a estrutura liderada por Rubens Mateus Lisboa Ribeiro, tamb\u00e9m chamado de Astro ou Lisboa, considerado o principal investigado e alvo priorit\u00e1rio da opera\u00e7\u00e3o atual.<\/p>\n<h2>Expans\u00e3o territorial e intelig\u00eancia<\/h2>\n<p>Os levantamentos conduzidos pela pol\u00edcia indicam que o grupo participou diretamente de investidas para dominar regi\u00f5es em Curicica e Camorim, al\u00e9m de recentes conflitos e invas\u00f5es em \u00e1reas como Rio das Pedras e Muzema. A fac\u00e7\u00e3o mantinha uma log\u00edstica estruturada para planejar ataques e monitorar a movimenta\u00e7\u00e3o das for\u00e7as de seguran\u00e7a.<\/p>\n<p>A opera\u00e7\u00e3o contou com o suporte estrat\u00e9gico da Coordenadoria de Recursos Especiais (Core) e do Departamento-Geral de Pol\u00edcia Especializada (DGPE). As investiga\u00e7\u00f5es continuam para capturar os demais integrantes foragidos.<\/p>\n<p>Por Reda\u00e7\u00e3o Acontece<\/p>\n<p>Foto: Divulga\u00e7\u00e3o \/ Pol\u00edcia Civil<\/p>\n","protected":false},"excerpt":{"rendered":"<p>Uma opera\u00e7\u00e3o policial realizada nesta quarta-feira teve como alvo a Equipe Astro, apontada pelas autoridades como o bra\u00e7o armado do Comando Vermelho encabe\u00e7ado por invas\u00f5es e pela disputa de novos territ\u00f3rios na Zona Sudoeste do Rio de Janeiro. A\u00e7\u00e3o nas comunidades da Zona Sudoeste Conduzida por agentes da Delegacia de Repress\u00e3o \u00e0s A\u00e7\u00f5es Criminosas Organizadas [&hellip;]<\/p>\n","protected":false},"author":0,"featured_media":33654,"comment_status":"open","ping_status":"open","sticky":false,"template":"","format":"standard","meta":{"footnotes":""},"categories":[28],"tags":[],"class_list":["post-33647","post","type-post","status-publish","format-standard","has-post-thumbnail","hentry","category-mundo"],"_links":{"self":[{"href":"https:\/\/acontecenafronteira.com.br\/index.php\/wp-json\/wp\/v2\/posts\/33647","targetHints":{"allow":["GET"]}}],"collection":[{"href":"https:\/\/acontecenafronteira.com.br\/index.php\/wp-json\/wp\/v2\/posts"}],"about":[{"href":"https:\/\/acontecenafronteira.com.br\/index.php\/wp-json\/wp\/v2\/types\/post"}],"replies":[{"embeddable":true,"href":"https:\/\/acontecenafronteira.com.br\/index.php\/wp-json\/wp\/v2\/comments?post=33647"}],"version-history":[{"count":1,"href":"https:\/\/acontecenafronteira.com.br\/index.php\/wp-json\/wp\/v2\/posts\/33647\/revisions"}],"predecessor-version":[{"id":33653,"href":"https:\/\/acontecenafronteira.com.br\/index.php\/wp-json\/wp\/v2\/posts\/33647\/revisions\/33653"}],"wp:featuredmedia":[{"embeddable":true,"href":"https:\/\/acontecenafronteira.com.br\/index.php\/wp-json\/wp\/v2\/media\/33654"}],"wp:attachment":[{"href":"https:\/\/acontecenafronteira.com.br\/index.php\/wp-json\/wp\/v2\/media?parent=33647"}],"wp:term":[{"taxonomy":"category","embeddable":true,"href":"https:\/\/acontecenafronteira.com.br\/index.php\/wp-json\/wp\/v2\/categories?post=33647"},{"taxonomy":"post_tag","embeddable":true,"href":"https:\/\/acontecenafronteira.com.br\/index.php\/wp-json\/wp\/v2\/tags?post=33647"}],"curies":[{"name":"wp","href":"https:\/\/api.w.org\/{rel}","templated":true}]}}