{"id":33646,"date":"2026-09-02T07:37:12","date_gmt":"2026-09-02T10:37:12","guid":{"rendered":"https:\/\/acontecenafronteira.com.br\/?p=33646"},"modified":"2026-09-02T07:37:12","modified_gmt":"2026-09-02T10:37:12","slug":"zagueiro-do-real-madrid-e-condenado-por-dirigir-embriagado","status":"publish","type":"post","link":"https:\/\/acontecenafronteira.com.br\/index.php\/2026\/09\/02\/zagueiro-do-real-madrid-e-condenado-por-dirigir-embriagado\/","title":{"rendered":"Zagueiro do Real Madrid \u00e9 condenado por dirigir embriagado"},"content":{"rendered":"<p>O jovem zagueiro Ra\u00fal Asencio, atleta do Real Madrid, foi condenado pela Justi\u00e7a espanhola ap\u00f3s ser flagrado dirigindo sob a influ\u00eancia de \u00e1lcool nas Ilhas Can\u00e1rias.<\/p>\n<h2>Detalhes do flagrante na rodovia<\/h2>\n<p>O defensor de 23 anos conduzia uma Porsche Macan GTS quando foi interceptado por agentes em um posto de controle com baf\u00f4metro na rodovia GC-1, situada no quil\u00f4metro 37,5, na regi\u00e3o sul de Gran Canaria. A abordagem ocorreu por volta das 6h30 do dia 16 de agosto.<\/p>\n<h2>Resultados do teste e san\u00e7\u00f5es aplicadas<\/h2>\n<p>Durante a fiscaliza\u00e7\u00e3o, o jogador apresentou n\u00edveis de \u00e1lcool no sangue muito acima do permitido pela legisla\u00e7\u00e3o local, registrando 0,90 mg\/l no primeiro teste e 0,88 mg\/l no segundo. O caso foi julgado em processo sum\u00e1rio ap\u00f3s a confiss\u00e3o do atleta.<\/p>\n<p>Como consequ\u00eancia da infra\u00e7\u00e3o, Asencio recebeu uma multa no valor de 14.400 euros, o equivalente a aproximadamente R$ 85 mil pela cota\u00e7\u00e3o atual. Al\u00e9m da penalidade financeira, ele teve a carteira nacional de habilita\u00e7\u00e3o suspensa pelo per\u00edodo de oito meses. Ap\u00f3s a autua\u00e7\u00e3o, um acompanhante que estava com ele assumiu a dire\u00e7\u00e3o do autom\u00f3vel para que pudessem seguir viagem.<\/p>\n<h2>Novos problemas com a Justi\u00e7a<\/h2>\n<p>Paralelamente ao epis\u00f3dio de tr\u00e2nsito, o atleta precisar\u00e1 lidar com outra grave acusa\u00e7\u00e3o nos tribunais espanh\u00f3is. Asencio enfrentar\u00e1 um julgamento em Las Palmas de Gran Canaria, com dura\u00e7\u00e3o prevista para os dias 3, 4 e 7 de setembro.<\/p>\n<p>Ele responder\u00e1 \u00e0s acusa\u00e7\u00f5es ao lado de outros tr\u00eas ex-jogadores do clube merengue. O grupo \u00e9 investigado pelo envolvimento na grava\u00e7\u00e3o e na dissemina\u00e7\u00e3o n\u00e3o autorizada de v\u00eddeos de car\u00e1ter \u00edntimo envolvendo duas jovens, sendo que uma delas era menor de idade na \u00e9poca dos fatos.<\/p>\n<p>Por Reda\u00e7\u00e3o Acontece<\/p>\n<p>Cr\u00e9ditos da imagem: Divulga\u00e7\u00e3o \/ Real Madrid<\/p>\n","protected":false},"excerpt":{"rendered":"<p>O jovem zagueiro Ra\u00fal Asencio, atleta do Real Madrid, foi condenado pela Justi\u00e7a espanhola ap\u00f3s ser flagrado dirigindo sob a influ\u00eancia de \u00e1lcool nas Ilhas Can\u00e1rias. Detalhes do flagrante na rodovia O defensor de 23 anos conduzia uma Porsche Macan GTS quando foi interceptado por agentes em um posto de controle com baf\u00f4metro na rodovia [&hellip;]<\/p>\n","protected":false},"author":0,"featured_media":33652,"comment_status":"open","ping_status":"open","sticky":false,"template":"","format":"standard","meta":{"footnotes":""},"categories":[28],"tags":[],"class_list":["post-33646","post","type-post","status-publish","format-standard","has-post-thumbnail","hentry","category-mundo"],"_links":{"self":[{"href":"https:\/\/acontecenafronteira.com.br\/index.php\/wp-json\/wp\/v2\/posts\/33646","targetHints":{"allow":["GET"]}}],"collection":[{"href":"https:\/\/acontecenafronteira.com.br\/index.php\/wp-json\/wp\/v2\/posts"}],"about":[{"href":"https:\/\/acontecenafronteira.com.br\/index.php\/wp-json\/wp\/v2\/types\/post"}],"replies":[{"embeddable":true,"href":"https:\/\/acontecenafronteira.com.br\/index.php\/wp-json\/wp\/v2\/comments?post=33646"}],"version-history":[{"count":1,"href":"https:\/\/acontecenafronteira.com.br\/index.php\/wp-json\/wp\/v2\/posts\/33646\/revisions"}],"predecessor-version":[{"id":33651,"href":"https:\/\/acontecenafronteira.com.br\/index.php\/wp-json\/wp\/v2\/posts\/33646\/revisions\/33651"}],"wp:featuredmedia":[{"embeddable":true,"href":"https:\/\/acontecenafronteira.com.br\/index.php\/wp-json\/wp\/v2\/media\/33652"}],"wp:attachment":[{"href":"https:\/\/acontecenafronteira.com.br\/index.php\/wp-json\/wp\/v2\/media?parent=33646"}],"wp:term":[{"taxonomy":"category","embeddable":true,"href":"https:\/\/acontecenafronteira.com.br\/index.php\/wp-json\/wp\/v2\/categories?post=33646"},{"taxonomy":"post_tag","embeddable":true,"href":"https:\/\/acontecenafronteira.com.br\/index.php\/wp-json\/wp\/v2\/tags?post=33646"}],"curies":[{"name":"wp","href":"https:\/\/api.w.org\/{rel}","templated":true}]}}