{"id":33645,"date":"2026-09-02T07:36:42","date_gmt":"2026-09-02T10:36:42","guid":{"rendered":"https:\/\/acontecenafronteira.com.br\/?p=33645"},"modified":"2026-09-02T07:36:42","modified_gmt":"2026-09-02T10:36:42","slug":"supremo-tribunal-federal-escapa-de-conflito-publico-por-acaso","status":"publish","type":"post","link":"https:\/\/acontecenafronteira.com.br\/index.php\/2026\/09\/02\/supremo-tribunal-federal-escapa-de-conflito-publico-por-acaso\/","title":{"rendered":"Supremo Tribunal Federal escapa de conflito p\u00fablico por acaso"},"content":{"rendered":"<p>Uma coincid\u00eancia evitou que o Supremo Tribunal Federal (STF) presenciasse um conflito p\u00fablico entre seus ministros nesta semana.<\/p>\n<h2>A din\u00e2mica das sess\u00f5es<\/h2>\n<p>As reuni\u00f5es das duas Turmas da corte acontecem tradicionalmente \u00e0s ter\u00e7as-feiras, mas a realiza\u00e7\u00e3o dos encontros depende exclusivamente da demanda processual existente.<\/p>\n<h2>Aus\u00eancia de reuni\u00f5es<\/h2>\n<p>Como os colegiados n\u00e3o se re\u00fanem semanalmente por falta de pauta obrigat\u00f3ria \u2014 a \u00faltima sess\u00e3o havia ocorrido duas semanas antes \u2014, o tribunal acabou sendo poupado de uma exposi\u00e7\u00e3o tensa entre os magistrados.<\/p>\n<p>Por Reda\u00e7\u00e3o Acontece<\/p>\n<p>Cr\u00e9ditos da imagem: Divulga\u00e7\u00e3o\/STF<\/p>\n","protected":false},"excerpt":{"rendered":"<p>Uma coincid\u00eancia evitou que o Supremo Tribunal Federal (STF) presenciasse um conflito p\u00fablico entre seus ministros nesta semana. A din\u00e2mica das sess\u00f5es As reuni\u00f5es das duas Turmas da corte acontecem tradicionalmente \u00e0s ter\u00e7as-feiras, mas a realiza\u00e7\u00e3o dos encontros depende exclusivamente da demanda processual existente. Aus\u00eancia de reuni\u00f5es Como os colegiados n\u00e3o se re\u00fanem semanalmente por [&hellip;]<\/p>\n","protected":false},"author":0,"featured_media":33650,"comment_status":"open","ping_status":"open","sticky":false,"template":"","format":"standard","meta":{"footnotes":""},"categories":[28],"tags":[],"class_list":["post-33645","post","type-post","status-publish","format-standard","has-post-thumbnail","hentry","category-mundo"],"_links":{"self":[{"href":"https:\/\/acontecenafronteira.com.br\/index.php\/wp-json\/wp\/v2\/posts\/33645","targetHints":{"allow":["GET"]}}],"collection":[{"href":"https:\/\/acontecenafronteira.com.br\/index.php\/wp-json\/wp\/v2\/posts"}],"about":[{"href":"https:\/\/acontecenafronteira.com.br\/index.php\/wp-json\/wp\/v2\/types\/post"}],"replies":[{"embeddable":true,"href":"https:\/\/acontecenafronteira.com.br\/index.php\/wp-json\/wp\/v2\/comments?post=33645"}],"version-history":[{"count":1,"href":"https:\/\/acontecenafronteira.com.br\/index.php\/wp-json\/wp\/v2\/posts\/33645\/revisions"}],"predecessor-version":[{"id":33649,"href":"https:\/\/acontecenafronteira.com.br\/index.php\/wp-json\/wp\/v2\/posts\/33645\/revisions\/33649"}],"wp:featuredmedia":[{"embeddable":true,"href":"https:\/\/acontecenafronteira.com.br\/index.php\/wp-json\/wp\/v2\/media\/33650"}],"wp:attachment":[{"href":"https:\/\/acontecenafronteira.com.br\/index.php\/wp-json\/wp\/v2\/media?parent=33645"}],"wp:term":[{"taxonomy":"category","embeddable":true,"href":"https:\/\/acontecenafronteira.com.br\/index.php\/wp-json\/wp\/v2\/categories?post=33645"},{"taxonomy":"post_tag","embeddable":true,"href":"https:\/\/acontecenafronteira.com.br\/index.php\/wp-json\/wp\/v2\/tags?post=33645"}],"curies":[{"name":"wp","href":"https:\/\/api.w.org\/{rel}","templated":true}]}}