{"id":33632,"date":"2026-09-02T06:37:20","date_gmt":"2026-09-02T09:37:20","guid":{"rendered":"https:\/\/acontecenafronteira.com.br\/?p=33632"},"modified":"2026-09-02T06:37:20","modified_gmt":"2026-09-02T09:37:20","slug":"agenda-gdf-o-que-os-candidatos-fazem-nesta-quarta-2-9","status":"publish","type":"post","link":"https:\/\/acontecenafronteira.com.br\/index.php\/2026\/09\/02\/agenda-gdf-o-que-os-candidatos-fazem-nesta-quarta-2-9\/","title":{"rendered":"Agenda GDF: O que os candidatos fazem nesta quarta (2\/9)"},"content":{"rendered":"<p>Agenda GDF: O que os candidatos fazem nesta quarta (2\/9) Confira a agenda completa dos candidatos ao Governo do Distrito Federal (GDF) para esta quarta-feira (2\/9). Saiba onde andam os postulantes. A disputa pelo Pal\u00e1cio do Buriti ganha novo f\u00f4lego nesta quarta-feira (2\/9) com uma intensa rotina de compromissos p\u00fablicos. Os postulantes ao Governo do Distrito Federal (GDF) intensificam a corrida eleitoral com sabatinas, carreatas, caminhadas e atos pol\u00edticos em diversas regi\u00f5es administrativas. <\/p>\n<h2>Agenda dos principais concorrentes ao GDF<\/h2>\n<p> A disputa eleitoral movimenta diferentes pontos da capital federal e do entorno ao longo do dia, com foco na apresenta\u00e7\u00e3o de propostas e no contato direto com o eleitorado. <\/p>\n<h3>Celina Le\u00e3o e Jos\u00e9 Roberto Arruda<\/h3>\n<p> Celina Le\u00e3o (PP) inicia o dia \u00e0s 8h30 com sabatina na Asbraco, seguida por reuni\u00f5es pol\u00edticas, almo\u00e7o com apoiadores da seguran\u00e7a p\u00fablica em Brazl\u00e2ndia, encontro no Pal\u00e1cio do Buriti e grava\u00e7\u00e3o com Michelle Bolsonaro, encerrando com jantar no Lago Sul. J\u00e1 Jos\u00e9 Roberto Arruda (PSD) participa de sabatina no Jornal de Bras\u00edlia \u00e0s 11h e comanda uma carreata na Ceil\u00e2ndia \u00e0s 16h. <\/p>\n<h3>Leandro Grass e Paula Belmonte<\/h3>\n<p> Leandro Grass (PT) marca presen\u00e7a em ato contra a escala 6&#215;1 no Senado \u00e0s 9h30, passa por sabatina na Jovem Pan, debate sobre inova\u00e7\u00e3o na LBV e faz bandeira\u00e7o na Rodovi\u00e1ria. Enquanto isso, Paula Belmonte (PSDB) caminha pela feirinha da 206\/207 Sul pela manh\u00e3, conversa com a PMDF, grava podcast, cumpre expediente na CLDF e panfleta na esta\u00e7\u00e3o de metr\u00f4 da Pra\u00e7a do Rel\u00f3gio. <\/p>\n<h2>Outros nomes na disputa distrital<\/h2>\n<p> A quarta-feira tamb\u00e9m \u00e9 de forte mobiliza\u00e7\u00e3o para os demais candidatos que buscam viabilizar suas candidaturas ao governo local. Ricardo Cappelli (PSB) panfleta em Santa Maria pela manh\u00e3, grava para a TV Globo e participa de roda de conversa na APEG\/DF. Kiko Caputo (Novo) concentra suas atividades na Ceil\u00e2ndia com caminhadas, encontros e almo\u00e7o com lideran\u00e7as. Samara Mineiro (UP) conversa com trabalhadores na UPA de Sobradinho, panfleta na Rodovi\u00e1ria, dialoga com estudantes na UDF e lan\u00e7a plataforma feminista \u00e0 noite. Por fim, Elisson Ferreira (Agir) agenda maratona de reuni\u00f5es e visitas na Estrutural, Sudoeste e Cruzeiro. Professor Robson (PSTU) foca sua mobiliza\u00e7\u00e3o na panfletagem no Restaurante Universit\u00e1rio da UnB, ao passo que Expedito Mendon\u00e7a (PCO) distribui material de campanha no Setor Banc\u00e1rio Sul e na Rodovi\u00e1ria do Plano Piloto. Por Reda\u00e7\u00e3o Acontece Imagem: Reprodu\u00e7\u00e3o \/ Campanha Eleitoral DF<\/p>\n","protected":false},"excerpt":{"rendered":"<p>Agenda GDF: O que os candidatos fazem nesta quarta (2\/9) Confira a agenda completa dos candidatos ao Governo do Distrito Federal (GDF) para esta quarta-feira (2\/9). Saiba onde andam os postulantes. A disputa pelo Pal\u00e1cio do Buriti ganha novo f\u00f4lego nesta quarta-feira (2\/9) com uma intensa rotina de compromissos p\u00fablicos. Os postulantes ao Governo do [&hellip;]<\/p>\n","protected":false},"author":0,"featured_media":33637,"comment_status":"open","ping_status":"open","sticky":false,"template":"","format":"standard","meta":{"footnotes":""},"categories":[6],"tags":[],"class_list":["post-33632","post","type-post","status-publish","format-standard","has-post-thumbnail","hentry","category-mercosul"],"_links":{"self":[{"href":"https:\/\/acontecenafronteira.com.br\/index.php\/wp-json\/wp\/v2\/posts\/33632","targetHints":{"allow":["GET"]}}],"collection":[{"href":"https:\/\/acontecenafronteira.com.br\/index.php\/wp-json\/wp\/v2\/posts"}],"about":[{"href":"https:\/\/acontecenafronteira.com.br\/index.php\/wp-json\/wp\/v2\/types\/post"}],"replies":[{"embeddable":true,"href":"https:\/\/acontecenafronteira.com.br\/index.php\/wp-json\/wp\/v2\/comments?post=33632"}],"version-history":[{"count":1,"href":"https:\/\/acontecenafronteira.com.br\/index.php\/wp-json\/wp\/v2\/posts\/33632\/revisions"}],"predecessor-version":[{"id":33636,"href":"https:\/\/acontecenafronteira.com.br\/index.php\/wp-json\/wp\/v2\/posts\/33632\/revisions\/33636"}],"wp:featuredmedia":[{"embeddable":true,"href":"https:\/\/acontecenafronteira.com.br\/index.php\/wp-json\/wp\/v2\/media\/33637"}],"wp:attachment":[{"href":"https:\/\/acontecenafronteira.com.br\/index.php\/wp-json\/wp\/v2\/media?parent=33632"}],"wp:term":[{"taxonomy":"category","embeddable":true,"href":"https:\/\/acontecenafronteira.com.br\/index.php\/wp-json\/wp\/v2\/categories?post=33632"},{"taxonomy":"post_tag","embeddable":true,"href":"https:\/\/acontecenafronteira.com.br\/index.php\/wp-json\/wp\/v2\/tags?post=33632"}],"curies":[{"name":"wp","href":"https:\/\/api.w.org\/{rel}","templated":true}]}}