{"id":33621,"date":"2026-09-02T06:36:21","date_gmt":"2026-09-02T09:36:21","guid":{"rendered":"https:\/\/acontecenafronteira.com.br\/?p=33621"},"modified":"2026-09-02T06:36:21","modified_gmt":"2026-09-02T09:36:21","slug":"fla-run-em-novembro-celebra-45-anos-do-mundial-do-flamengo","status":"publish","type":"post","link":"https:\/\/acontecenafronteira.com.br\/index.php\/2026\/09\/02\/fla-run-em-novembro-celebra-45-anos-do-mundial-do-flamengo\/","title":{"rendered":"Fla Run em novembro celebra 45 anos do Mundial do Flamengo"},"content":{"rendered":"<p>A segunda edi\u00e7\u00e3o da <strong>Fla Run<\/strong> de 2024, marcada para o m\u00eas de novembro, ter\u00e1 como tema central a celebra\u00e7\u00e3o dos 45 anos da conquista do <strong>Mundial de Clubes<\/strong> pelo <strong>Flamengo<\/strong>.<\/p>\n<p>H2 Expectativa de p\u00fablico recorde no Aterro do Flamengo<\/p>\n<p>Prometendo entrar para a hist\u00f3ria como a maior edi\u00e7\u00e3o j\u00e1 realizada, o evento \u00e9 organizado pela <strong>Vega Sports<\/strong>. De acordo com as proje\u00e7\u00f5es da empresa respons\u00e1vel, a expectativa \u00e9 atrair aproximadamente <strong>18 mil corredores<\/strong> para o <strong>Aterro do Flamengo<\/strong>.<\/p>\n<p>H3 Crescimento expressivo no n\u00famero de participantes<\/p>\n<p>O volume de inscritos representa um salto impressionante em compara\u00e7\u00e3o \u00e0 primeira prova do ano, realizada em fevereiro, que contou com a presen\u00e7a de <strong>6.500 pessoas<\/strong> apaixonadas pelo clube rubro-negro.<\/p>\n<p>O evento esportivo une a paix\u00e3o pelo futebol com a pr\u00e1tica de atividades f\u00edsicas, oferecendo aos torcedores uma oportunidade \u00fanica de celebrar uma das maiores gl\u00f3rias da hist\u00f3ria do clube carioca em um dos cart\u00f5es-postais mais famosos do Rio de Janeiro.<\/p>\n<p>Por Reda\u00e7\u00e3o Acontece<\/p>\n<p>Cr\u00e9ditos da imagem: Divulga\u00e7\u00e3o \/ Vega Sports<\/p>\n","protected":false},"excerpt":{"rendered":"<p>A segunda edi\u00e7\u00e3o da Fla Run de 2024, marcada para o m\u00eas de novembro, ter\u00e1 como tema central a celebra\u00e7\u00e3o dos 45 anos da conquista do Mundial de Clubes pelo Flamengo. H2 Expectativa de p\u00fablico recorde no Aterro do Flamengo Prometendo entrar para a hist\u00f3ria como a maior edi\u00e7\u00e3o j\u00e1 realizada, o evento \u00e9 organizado [&hellip;]<\/p>\n","protected":false},"author":0,"featured_media":33628,"comment_status":"open","ping_status":"open","sticky":false,"template":"","format":"standard","meta":{"footnotes":""},"categories":[28],"tags":[],"class_list":["post-33621","post","type-post","status-publish","format-standard","has-post-thumbnail","hentry","category-mundo"],"_links":{"self":[{"href":"https:\/\/acontecenafronteira.com.br\/index.php\/wp-json\/wp\/v2\/posts\/33621","targetHints":{"allow":["GET"]}}],"collection":[{"href":"https:\/\/acontecenafronteira.com.br\/index.php\/wp-json\/wp\/v2\/posts"}],"about":[{"href":"https:\/\/acontecenafronteira.com.br\/index.php\/wp-json\/wp\/v2\/types\/post"}],"replies":[{"embeddable":true,"href":"https:\/\/acontecenafronteira.com.br\/index.php\/wp-json\/wp\/v2\/comments?post=33621"}],"version-history":[{"count":1,"href":"https:\/\/acontecenafronteira.com.br\/index.php\/wp-json\/wp\/v2\/posts\/33621\/revisions"}],"predecessor-version":[{"id":33627,"href":"https:\/\/acontecenafronteira.com.br\/index.php\/wp-json\/wp\/v2\/posts\/33621\/revisions\/33627"}],"wp:featuredmedia":[{"embeddable":true,"href":"https:\/\/acontecenafronteira.com.br\/index.php\/wp-json\/wp\/v2\/media\/33628"}],"wp:attachment":[{"href":"https:\/\/acontecenafronteira.com.br\/index.php\/wp-json\/wp\/v2\/media?parent=33621"}],"wp:term":[{"taxonomy":"category","embeddable":true,"href":"https:\/\/acontecenafronteira.com.br\/index.php\/wp-json\/wp\/v2\/categories?post=33621"},{"taxonomy":"post_tag","embeddable":true,"href":"https:\/\/acontecenafronteira.com.br\/index.php\/wp-json\/wp\/v2\/tags?post=33621"}],"curies":[{"name":"wp","href":"https:\/\/api.w.org\/{rel}","templated":true}]}}