{"id":33612,"date":"2026-09-02T05:37:21","date_gmt":"2026-09-02T08:37:21","guid":{"rendered":"https:\/\/acontecenafronteira.com.br\/?p=33612"},"modified":"2026-09-02T05:37:21","modified_gmt":"2026-09-02T08:37:21","slug":"reserva-cultural-de-niteroi-comemora-10-anos-com-shows-e-festa","status":"publish","type":"post","link":"https:\/\/acontecenafronteira.com.br\/index.php\/2026\/09\/02\/reserva-cultural-de-niteroi-comemora-10-anos-com-shows-e-festa\/","title":{"rendered":"Reserva Cultural de Niter\u00f3i comemora 10 anos com shows e festa"},"content":{"rendered":"<p>O <a href=\"#\">Reserva Cultural de Niter\u00f3i<\/a>, ic\u00f4nico complexo arquitet\u00f4nico projetado por Oscar Niemeyer em formato de bobina de filme de 35mm, est\u00e1 completando dez anos de atividades em setembro. Localizado no bairro de S\u00e3o Domingos, o espa\u00e7o celebra sua primeira d\u00e9cada com uma agenda repleta de atra\u00e7\u00f5es que misturam m\u00fasica, gastronomia e cinema, coincidindo com o trig\u00e9simo anivers\u00e1rio de outro marco municipal, o MAC.<\/p>\n<h2>Atra\u00e7\u00f5es in\u00e9ditas e grandes shows<\/h2>\n<p>Para comemorar a data em grande estilo, o centro cultural preparou uma inova\u00e7\u00e3o hist\u00f3rica. Pela primeira vez, uma sala de cinema ser\u00e1 convertida em pista de dan\u00e7a na pr\u00f3xima sexta-feira (4). O evento <b>Baile do Franc\u00eas<\/b> ocupar\u00e1 a sala 3 das 22h \u00e0s 2h, com quatro horas de <i>disco music<\/i> comandadas pelo DJ Rick Miranda ao custo de R$ 40 mais taxas.<\/p>\n<p>J\u00e1 no domingo (6), o samba assume o protagonismo com uma apresenta\u00e7\u00e3o gratuita de <b>Pretinho da Serrinha<\/b> a partir das 16h. O show marca o pontap\u00e9 inicial da nova turn\u00ea nacional intitulada \u201cBatuke do Pretinho da Serrinha\u201d, que passar\u00e1 por dez cidades brasileiras at\u00e9 janeiro, incluindo capitais como Salvador, Bras\u00edlia, Porto Alegre e Florian\u00f3polis. Os interessados em Niter\u00f3i devem garantir at\u00e9 dois ingressos gratuitos por CPF por meio do aplicativo Ticket360.<\/p>\n<h2>Gastronomia e programa\u00e7\u00e3o musical<\/h2>\n<p>A <b>Brasserie Reserva<\/b> tamb\u00e9m participa ativamente das festividades ao longo do m\u00eas. As tradicionais Ter\u00e7as Musicais trar\u00e3o nomes como Cena Po\u00e9tica, Marcos Hasselmann, Kiko Continentino, Adriana Ninsk, Pedro Braga e Lucynha Lima \u00e0s 19h30, com couvert de R$ 20. \u00c0s quartas-feiras, o p\u00fablico pode desfrutar do projeto Pian\u00edssimo Jazz \u00e0s 20h no esquema <i>bring your own wine<\/i> (leve seu pr\u00f3prio vinho). No card\u00e1pio, pratos cl\u00e1ssicos de sucesso retornam, a exemplo do entrec\u00f4te ma\u00eetre d\u2019h\u00f4tel, do atum em crostas e do risoto de salm\u00e3o.<\/p>\n<h2>Legado e resist\u00eancia cultural<\/h2>\n<p>Fundado como a segunda unidade do grupo \u2014 cuja matriz fica na Avenida Paulista, em S\u00e3o Paulo \u2014, o complexo consolidou-se ao longo da d\u00e9cada como um reduto de cinema de autor, festivais e pr\u00e9-estreias importantes, recebendo cineastas renomados e atores internacionais.<\/p>\n<p>Jean Thomas Bernardini, fundador do espa\u00e7o e da distribuidora Imovision, destaca que o objetivo sempre foi transformar a s\u00e9tima arte em uma experi\u00eancia duradoura que v\u00e1 al\u00e9m dos cr\u00e9ditos finais. No mesmo sentido, a gerente de Projetos Especiais, Suzy Silva, aponta o local como um verdadeiro basti\u00e3o de resist\u00eancia na luta pela preserva\u00e7\u00e3o dos cinemas de rua e do circuito de produ\u00e7\u00f5es independentes.<\/p>\n<p>Para coroar o anivers\u00e1rio, o programa Filme Exclusivo do M\u00eas exibe em 16 de setembro, \u00e0s 19h, o longa \u201cQuerendo ou n\u00e3o\u201d, de Gianni Di Gregorio, seguido de debate por R$ 38,76 a inteira. Completam o complexo a hamburgueria Drop Burger, a Mahatma Pizza, a galeria ReservArt, cafeteria e estacionamento, al\u00e9m de surpresas programadas nas redes sociais da casa.<\/p>\n<p>Por Reda\u00e7\u00e3o Acontece<\/p>\n<p>Divulga\u00e7\u00e3o\/Fernando Young<\/p>\n","protected":false},"excerpt":{"rendered":"<p>O Reserva Cultural de Niter\u00f3i, ic\u00f4nico complexo arquitet\u00f4nico projetado por Oscar Niemeyer em formato de bobina de filme de 35mm, est\u00e1 completando dez anos de atividades em setembro. Localizado no bairro de S\u00e3o Domingos, o espa\u00e7o celebra sua primeira d\u00e9cada com uma agenda repleta de atra\u00e7\u00f5es que misturam m\u00fasica, gastronomia e cinema, coincidindo com o [&hellip;]<\/p>\n","protected":false},"author":0,"featured_media":33617,"comment_status":"open","ping_status":"open","sticky":false,"template":"","format":"standard","meta":{"footnotes":""},"categories":[28],"tags":[],"class_list":["post-33612","post","type-post","status-publish","format-standard","has-post-thumbnail","hentry","category-mundo"],"_links":{"self":[{"href":"https:\/\/acontecenafronteira.com.br\/index.php\/wp-json\/wp\/v2\/posts\/33612","targetHints":{"allow":["GET"]}}],"collection":[{"href":"https:\/\/acontecenafronteira.com.br\/index.php\/wp-json\/wp\/v2\/posts"}],"about":[{"href":"https:\/\/acontecenafronteira.com.br\/index.php\/wp-json\/wp\/v2\/types\/post"}],"replies":[{"embeddable":true,"href":"https:\/\/acontecenafronteira.com.br\/index.php\/wp-json\/wp\/v2\/comments?post=33612"}],"version-history":[{"count":1,"href":"https:\/\/acontecenafronteira.com.br\/index.php\/wp-json\/wp\/v2\/posts\/33612\/revisions"}],"predecessor-version":[{"id":33616,"href":"https:\/\/acontecenafronteira.com.br\/index.php\/wp-json\/wp\/v2\/posts\/33612\/revisions\/33616"}],"wp:featuredmedia":[{"embeddable":true,"href":"https:\/\/acontecenafronteira.com.br\/index.php\/wp-json\/wp\/v2\/media\/33617"}],"wp:attachment":[{"href":"https:\/\/acontecenafronteira.com.br\/index.php\/wp-json\/wp\/v2\/media?parent=33612"}],"wp:term":[{"taxonomy":"category","embeddable":true,"href":"https:\/\/acontecenafronteira.com.br\/index.php\/wp-json\/wp\/v2\/categories?post=33612"},{"taxonomy":"post_tag","embeddable":true,"href":"https:\/\/acontecenafronteira.com.br\/index.php\/wp-json\/wp\/v2\/tags?post=33612"}],"curies":[{"name":"wp","href":"https:\/\/api.w.org\/{rel}","templated":true}]}}